{"id":38434,"date":"2015-09-17T20:06:52","date_gmt":"2015-09-17T18:06:52","guid":{"rendered":"http:\/\/triatletasenred.com\/?p=38434"},"modified":"2015-09-17T20:07:25","modified_gmt":"2015-09-17T18:07:25","slug":"diego-paredes-la-ultima-fase-del-ano-siempre-es-mas-complicada","status":"publish","type":"post","link":"https:\/\/miurltemporal.com/main/triatletasenred.sport.es\/entrevistas-triatlon\/diego-paredes-la-ultima-fase-del-ano-siempre-es-mas-complicada\/","title":{"rendered":"Diego Paredes: &#8220;La \u00faltima fase del a\u00f1o siempre es m\u00e1s complicada&#8221;"},"content":{"rendered":"<p style=\"text-align: justify;\">Suma una temporada m\u00e1s a sus espaldas. Y ya van m\u00e1s de veinte. Diego Paredes es, sin duda, uno de los veteranos del triatl\u00f3n nacional. Y sigue compitiendo al m\u00e1s alto nivel. Tras vencer en el Triathlon de Vitoria Gasteiz el pasado mes de julio, Paredes afrontar\u00e1 el pr\u00f3ximo 27 de septiembre su segundo triatl\u00f3n de larga distancia de la temporada, el Triatl\u00f3n KM0. Y lo har\u00e1 de la mano de Skechers, su calzado tanto para entrenar como para competir.<\/p>\n<h5 style=\"text-align: justify;\">Una temporada muy larga&#8230;<\/h5>\n<p style=\"text-align: justify;\">He acabado haciendo cinco triatlones de media distancia y uno de larga distancia. Tengo ganas de acabar la temporada. Elche, Bilbao, Zarautz, Buelna y Alpe d&#8217;Huez, y el Triathlon de Vitoria-Gasteiz, que acab\u00e9 ganando. A principio de a\u00f1o no ten\u00eda pensado ir ni a Vitoria ni a Buelna, y en ambas consegu\u00ed la victoria. Les guardo un buen recuerdo a ambas. A\u00fan me queda competir en el KM0 y en el MD Cabo de Gata.<\/p>\n<h5 style=\"text-align: justify;\">\u00bfC\u00f3mo te ves de sensaciones para final de temporada?<\/h5>\n<p style=\"text-align: justify;\">Me veo con ganas pero cansado. Despu\u00e9s de Vitoria me est\u00e1 costando estar al cien por cien concentrado en todo lo que implica la preparaci\u00f3n de una prueba de estas caracter\u00edsticas. Comer, descansar bien, y en definitiva, todo lo que es el complemento que te permite entrenar bien. No me veo como otras veces.<\/p>\n<h5 style=\"text-align: justify;\">Y en dos semanas, cita con el estreno del Triatl\u00f3n KM0.<\/h5>\n<p style=\"text-align: justify;\">Esta semana he hecho los \u00faltimos entrenos de calidad, pero la carrera est\u00e1 a la vuelta de la esquina. Pero es una prueba muy larga y pueden pasar muchas cosas. En esos casos, siempre hay que intentar tirar de la experiencia que uno tiene encima para sacarlo adelante.<\/p>\n<h5 style=\"text-align: justify;\">\u00bfUno acaba quemado de tantos entrenos y competiciones?<\/h5>\n<p style=\"text-align: justify;\">La temporada es larga y son muchos meses entrenando. He podido hacer algun entreno bueno, pero no con la continuidad de junio o julio, antes del Triatl\u00f3n de Vitoria-Gasteiz, que es cuando suelo tener mi mejor punto de forma. La \u00faltima fase del a\u00f1o siempre es m\u00e1s complicada. En 2014, cuando fui a Haw\u00e1i, me pas\u00f3 lo mismo.<\/p>\n<p><a href=\"https:\/\/miurltemporal.com/main/triatletasenred.sport.es\/wp-content\/uploads\/Skechers-banner.jpeg\"><img fetchpriority=\"high\" decoding=\"async\" class=\"size-full wp-image-38362 aligncenter\" src=\"https:\/\/miurltemporal.com/main/triatletasenred.sport.es\/wp-content\/uploads\/Skechers-banner.jpeg\" alt=\"Skechers banner\" width=\"800\" height=\"150\" \/><\/a><\/p>\n<h5 style=\"text-align: justify;\">Llegas a una carrera nueva como es el KM0. \u00bfC\u00f3mo ves este &#8216;debut&#8217;?<\/h5>\n<p style=\"text-align: justify;\">Poco a poco se est\u00e1 viendo que el KM0 va a ser un triatl\u00f3n de referencia, seguro. Es un triatl\u00f3n con unos recorridos espectaculares, y un sector de bicicleta que ser\u00e1 muy duro. Y encima tiene el aliciente que acabar\u00e1 en el centro de Madrid un domingo por la tarde. Tendr\u00e1 una gran repercusi\u00f3n medi\u00e1tica.<\/p>\n<h5 style=\"text-align: justify;\">\u00bfY tus principales rivales?<\/h5>\n<p style=\"text-align: justify;\">Alejandro Santamar\u00eda va a ser uno de los grandes favoritos, pero yo creo que el rival a batir ser\u00e1 Gustavo Rodr\u00edguez. Ha tenido un gran a\u00f1o y a pesar de que es un aut\u00e9ntico especialista en media distancia y ha tenido un poco de mala suerte en larga distancia, seguro que har\u00e1 un gren papel. Coincid\u00ed con \u00e9l unos d\u00edas en Embrun y acab\u00f3 en el top10 en los Alpes. Creo que ser\u00e1 el rival m\u00e1s duro por su gran ciclismo y resistencia.<\/p>\n<h5 style=\"text-align: justify;\">La marat\u00f3n puede ser definitiva&#8230; \u00bfCalzado con Skechers como siempre?<\/h5>\n<p style=\"text-align: justify;\">Mi relaci\u00f3n con Skechers empez\u00f3 en Cabo de Gata. Poco a poco me fui adaptando a su filosof\u00eda. Poco drop (suela) y correr con la punta. Al inicio me cost\u00f3 un poco m\u00e1s por que me cargaba mucho el gemelo pero ya esoy totalmente adaptado y muy contento con las sensaciones. De hecho compito con las mismas que entreno. Antes las GO Run3 y ahora las GO Run4.<\/p>\n<h5 style=\"text-align: justify;\">En Vitoria la carrera a pie fue\u00a0determinantes&#8230;<\/h5>\n<p style=\"text-align: justify;\">S\u00ed, y con esa zapatilla la verdad es que me siento muy c\u00f3modo. Adem\u00e1s, es muy ligera para competir.<\/p>\n<h5 style=\"text-align: justify;\">\u00bfTe veremos en Unibike este fin de semana con Skechers?<\/h5>\n<p style=\"text-align: justify;\">No, lamentablemente no. Pero el pr\u00f3ximo 25 de septiembre en la Expo del Triatl\u00f3n KM0 dar\u00e9 una charla. \u00a1Os espero!<\/p>\n","protected":false},"excerpt":{"rendered":"<p>Suma una temporada m\u00e1s a sus espaldas. Y ya van m\u00e1s de veinte. Charlamos con Diego Paredes antes de competir en el Triatl\u00f3n KM0 de la mano de Skechers.<\/p>\n","protected":false},"author":12,"featured_media":36824,"comment_status":"open","ping_status":"open","sticky":false,"template":"","format":"standard","meta":{"_acf_changed":false,"rank_math_lock_modified_date":false,"footnotes":""},"categories":[17,10,1191],"tags":[],"class_list":{"0":"post-38434","1":"post","2":"type-post","3":"status-publish","4":"format-standard","5":"has-post-thumbnail","7":"category-actualidad","8":"category-entrevistas-triatlon","9":"category-triatlon"},"acf":[],"_links":{"self":[{"href":"https:\/\/miurltemporal.com/main/triatletasenred.sport.es\/wp-json\/wp\/v2\/posts\/38434"}],"collection":[{"href":"https:\/\/miurltemporal.com/main/triatletasenred.sport.es\/wp-json\/wp\/v2\/posts"}],"about":[{"href":"https:\/\/miurltemporal.com/main/triatletasenred.sport.es\/wp-json\/wp\/v2\/types\/post"}],"author":[{"embeddable":true,"href":"https:\/\/miurltemporal.com/main/triatletasenred.sport.es\/wp-json\/wp\/v2\/users\/12"}],"replies":[{"embeddable":true,"href":"https:\/\/miurltemporal.com/main/triatletasenred.sport.es\/wp-json\/wp\/v2\/comments?post=38434"}],"version-history":[{"count":0,"href":"https:\/\/miurltemporal.com/main/triatletasenred.sport.es\/wp-json\/wp\/v2\/posts\/38434\/revisions"}],"wp:featuredmedia":[{"embeddable":true,"href":"https:\/\/miurltemporal.com/main/triatletasenred.sport.es\/wp-json\/wp\/v2\/media\/36824"}],"wp:attachment":[{"href":"https:\/\/miurltemporal.com/main/triatletasenred.sport.es\/wp-json\/wp\/v2\/media?parent=38434"}],"wp:term":[{"taxonomy":"category","embeddable":true,"href":"https:\/\/miurltemporal.com/main/triatletasenred.sport.es\/wp-json\/wp\/v2\/categories?post=38434"},{"taxonomy":"post_tag","embeddable":true,"href":"https:\/\/miurltemporal.com/main/triatletasenred.sport.es\/wp-json\/wp\/v2\/tags?post=38434"}],"curies":[{"name":"wp","href":"https:\/\/api.w.org\/{rel}","templated":true}]}}