{"id":38289,"date":"2015-09-11T22:12:55","date_gmt":"2015-09-11T20:12:55","guid":{"rendered":"http:\/\/triatletasenred.com\/?p=38289"},"modified":"2015-09-11T22:13:03","modified_gmt":"2015-09-11T20:13:03","slug":"todo-a-punto-para-el-sailfish-berga","status":"publish","type":"post","link":"https:\/\/miurltemporal.com/main/triatletasenred.sport.es\/actualidad\/todo-a-punto-para-el-sailfish-berga\/","title":{"rendered":"Todo a punto para el Sailfish Berga 2015"},"content":{"rendered":"<p style=\"text-align: justify;\">El entorno del pantano de la Baells se prepara para acoger este fin de semana la quinta edici\u00f3n del Sailfish Berga by Sands Beach Active, una prueba de media distancia consolidada dentro del panorama nacional. Cerca de 800 participantes se dan cita en una prueba que se desarrollar\u00e1 sobre los 1,9 kil\u00f3metros a nado, 90 kil\u00f3metros en bicicleta y 21 kil\u00f3metros de carrera a pie en un entorno espectacular y rodeado de terreno monta\u00f1oso. Como explican desde la organizaci\u00f3n, &#8220;buscamos unos recorridos atractivos y a la vez, espectaculares&#8221;, hecho que parece conseguido fruto del cierre de inscripciones y el crecimiento progresivo desde su nacimiento como prueba de media distancia. Con un alto porcentaje de inscritos que repiten cada a\u00f1o, la prueba de Berga se consolida en el que ser\u00e1 su quinto aniversario.<\/p>\n<p style=\"text-align: justify;\">En una entrevista realizada anteriormente en el programa Sense L\u00edmit de Radio 4, Mois\u00e8s Gangolells, director de Sailfish Berga by Sands Beach Active, explicaba que a\u00f1o a a\u00f1o introducen mejoras para seguir ofreciendo una prueba espectacular. En 2015, los relevos han sido la principal novedad para una carrera que se desarrolla en un entorno de monta\u00f1a. Los triatletas nadar\u00e1n 1,9 kil\u00f3metros en el Pant\u00e0 de la Baells, para posteriormente rodar en bicicleta durante 90 kil\u00f3metros en un circuito muy llano teniendo en cuenta la zona donde se ubica. Para finalizar la prueba, los triatletas tendr\u00e1n que completar 21 kil\u00f3metros por el entorno de la ciudad de Berga. Judith Corach\u00e1n y Richard Calle, vencedores de la edici\u00f3n 2014, ya <a href=\"https:\/\/miurltemporal.com/main/triatletasenred.sport.es\/actualidad\/los-vencedores-de-sailfish-berga-2014-analizan-la-mitica-prueba-del-pirineo\/\" target=\"_blank\">analizaron los recorridos de la prueba para Triatletas en Red.<\/a><\/p>\n","protected":false},"excerpt":{"rendered":"<p>El Sailfish Berga se prepara para su edici\u00f3n 2015 con 800 inscritos que se lanzar\u00e1n a las aguas del pantano de la Baells. Este a\u00f1o se estrenan los relevos.<\/p>\n","protected":false},"author":12,"featured_media":38290,"comment_status":"open","ping_status":"open","sticky":false,"template":"","format":"standard","meta":{"_acf_changed":false,"rank_math_lock_modified_date":false,"footnotes":""},"categories":[17,19,1191],"tags":[],"class_list":{"0":"post-38289","1":"post","2":"type-post","3":"status-publish","4":"format-standard","5":"has-post-thumbnail","7":"category-actualidad","8":"category-competiciones","9":"category-triatlon"},"acf":[],"_links":{"self":[{"href":"https:\/\/miurltemporal.com/main/triatletasenred.sport.es\/wp-json\/wp\/v2\/posts\/38289"}],"collection":[{"href":"https:\/\/miurltemporal.com/main/triatletasenred.sport.es\/wp-json\/wp\/v2\/posts"}],"about":[{"href":"https:\/\/miurltemporal.com/main/triatletasenred.sport.es\/wp-json\/wp\/v2\/types\/post"}],"author":[{"embeddable":true,"href":"https:\/\/miurltemporal.com/main/triatletasenred.sport.es\/wp-json\/wp\/v2\/users\/12"}],"replies":[{"embeddable":true,"href":"https:\/\/miurltemporal.com/main/triatletasenred.sport.es\/wp-json\/wp\/v2\/comments?post=38289"}],"version-history":[{"count":0,"href":"https:\/\/miurltemporal.com/main/triatletasenred.sport.es\/wp-json\/wp\/v2\/posts\/38289\/revisions"}],"wp:featuredmedia":[{"embeddable":true,"href":"https:\/\/miurltemporal.com/main/triatletasenred.sport.es\/wp-json\/wp\/v2\/media\/38290"}],"wp:attachment":[{"href":"https:\/\/miurltemporal.com/main/triatletasenred.sport.es\/wp-json\/wp\/v2\/media?parent=38289"}],"wp:term":[{"taxonomy":"category","embeddable":true,"href":"https:\/\/miurltemporal.com/main/triatletasenred.sport.es\/wp-json\/wp\/v2\/categories?post=38289"},{"taxonomy":"post_tag","embeddable":true,"href":"https:\/\/miurltemporal.com/main/triatletasenred.sport.es\/wp-json\/wp\/v2\/tags?post=38289"}],"curies":[{"name":"wp","href":"https:\/\/api.w.org\/{rel}","templated":true}]}}