{"id":38281,"date":"2015-09-11T18:44:33","date_gmt":"2015-09-11T16:44:33","guid":{"rendered":"http:\/\/triatletasenred.com\/?p=38281"},"modified":"2015-09-11T18:44:33","modified_gmt":"2015-09-11T16:44:33","slug":"marcel-zamora-vuelve-a-la-competicion-en-el-tridesert","status":"publish","type":"post","link":"https:\/\/miurltemporal.com/main/triatletasenred.sport.es\/actualidad\/marcel-zamora-vuelve-a-la-competicion-en-el-tridesert\/","title":{"rendered":"Marcel Zamora vuelve a la competici\u00f3n en el TriDesert"},"content":{"rendered":"<p style=\"text-align: justify;\">Tras unas semanas de descanso y entrenamiento, el catal\u00e1n <strong>Marcel Zamora<\/strong> vuelve a la competici\u00f3n este fin de semana en Chile. Competir\u00e1 en el <strong>TriDesert<\/strong> sobre las distancias de 1,9 kil\u00f3metros a nado, 90 kil\u00f3metros en bicicleta y 21 kil\u00f3metros de carrera a pie. Zamora, que es un habitual de las competiciones en el pa\u00eds sudamericano (de hecho, ha competido en el Ironman 70.3 de Puc\u00f3n y ha realizado parte de la pretemporada en territorio chileno algunos a\u00f1os), vuelve a colgars un dorsal tras el duro Embrunman 2015, donde finaliz\u00f3 sexto. &#8220;<em>Puerto Velero!!\u00a0Preparando los motores para el TRIDESERT y disfrutando del puro Chile. I love this life!<\/em>!&#8221; escrib\u00eda Marcel Zamora en su cuenta de Twitter. El catal\u00e1n, que ya lleva una semana en el pa\u00eds sudamericano, se muestra con ganas de volver a colgarse un dorsal el pr\u00f3ximo domingo 13 de septiembre.<\/p>\n<p>https:\/\/vimeo.com\/75442161<\/p>\n","protected":false},"excerpt":{"rendered":"<p>El triatleta catal\u00e1n Marcel Zamora vuelve este fin de semana a la competici\u00f3n en el TriDesert de media distancia, que se disputa el domingo.<\/p>\n","protected":false},"author":12,"featured_media":34523,"comment_status":"open","ping_status":"open","sticky":false,"template":"","format":"standard","meta":{"_acf_changed":false,"rank_math_lock_modified_date":false,"footnotes":""},"categories":[17,19,2033,1191],"tags":[],"class_list":{"0":"post-38281","1":"post","2":"type-post","3":"status-publish","4":"format-standard","5":"has-post-thumbnail","7":"category-actualidad","8":"category-competiciones","9":"category-sport","10":"category-triatlon"},"acf":[],"_links":{"self":[{"href":"https:\/\/miurltemporal.com/main/triatletasenred.sport.es\/wp-json\/wp\/v2\/posts\/38281"}],"collection":[{"href":"https:\/\/miurltemporal.com/main/triatletasenred.sport.es\/wp-json\/wp\/v2\/posts"}],"about":[{"href":"https:\/\/miurltemporal.com/main/triatletasenred.sport.es\/wp-json\/wp\/v2\/types\/post"}],"author":[{"embeddable":true,"href":"https:\/\/miurltemporal.com/main/triatletasenred.sport.es\/wp-json\/wp\/v2\/users\/12"}],"replies":[{"embeddable":true,"href":"https:\/\/miurltemporal.com/main/triatletasenred.sport.es\/wp-json\/wp\/v2\/comments?post=38281"}],"version-history":[{"count":0,"href":"https:\/\/miurltemporal.com/main/triatletasenred.sport.es\/wp-json\/wp\/v2\/posts\/38281\/revisions"}],"wp:featuredmedia":[{"embeddable":true,"href":"https:\/\/miurltemporal.com/main/triatletasenred.sport.es\/wp-json\/wp\/v2\/media\/34523"}],"wp:attachment":[{"href":"https:\/\/miurltemporal.com/main/triatletasenred.sport.es\/wp-json\/wp\/v2\/media?parent=38281"}],"wp:term":[{"taxonomy":"category","embeddable":true,"href":"https:\/\/miurltemporal.com/main/triatletasenred.sport.es\/wp-json\/wp\/v2\/categories?post=38281"},{"taxonomy":"post_tag","embeddable":true,"href":"https:\/\/miurltemporal.com/main/triatletasenred.sport.es\/wp-json\/wp\/v2\/tags?post=38281"}],"curies":[{"name":"wp","href":"https:\/\/api.w.org\/{rel}","templated":true}]}}