{"id":38277,"date":"2015-09-11T08:51:52","date_gmt":"2015-09-11T06:51:52","guid":{"rendered":"http:\/\/triatletasenred.com\/?p=38277"},"modified":"2015-09-14T14:06:43","modified_gmt":"2015-09-14T12:06:43","slug":"la-gran-fondo-tarragona-mas-internacional","status":"publish","type":"post","link":"https:\/\/miurltemporal.com/main/triatletasenred.sport.es\/actualidad\/la-gran-fondo-tarragona-mas-internacional\/","title":{"rendered":"La Gran Fondo Tarragona m\u00e1s internacional"},"content":{"rendered":"<p style=\"text-align: justify;\"><strong>Gran Fondo Tarragona<\/strong> cumple expectativas. A poco menos de un mes de que se celebre, va camino de ratificar su importancia como evento cicloturista de referencia en Tarragona. Participantes de <strong>13 pa\u00edses<\/strong> se dar\u00e1n cita el <strong>domingo 4 de octubre<\/strong> en esta segunda edici\u00f3n de la marcha, m\u00e1s internacional que nunca y que contar\u00e1 adem\u00e1s con figuras del ciclismo europeo como Fabio Sacchi. Desde la organizaci\u00f3n, animan a los granfonders a no dejar la inscripci\u00f3n para el \u00faltimo d\u00eda, recordando que el a\u00f1o pasado fueron muchos los que quedaron a las puertas. As\u00ed mismo, recuerdan que sigue activo un <strong>descuento de hasta el 15%<\/strong> para aquellos que se apunten en grupo.<\/p>\n<p style=\"text-align: justify;\">Con el mismo esp\u00edritu y la misma ilusi\u00f3n que el a\u00f1o pasado, la Gran Fondo Tarragona repite en esta segunda edici\u00f3n esquema y recorridos, e incorpora al mismo tiempo alguna novedad. Los granfonders se encontrar\u00e1n <strong>1 tramo cronometrado:<\/strong> una subida de 8km desde que se abandona el pueblo de La Riba hasta Arboli. La salida de la prueba ser\u00e1 el mismo punto del a\u00f1o pasado: el Club N\u00e0utic de Tarragona, emplazamiento que ofrece una vista excepcional del amanecer sobre el mar.<\/p>\n<p style=\"text-align: justify;\">Es esta mezcla perfecta entre deporte, turismo y espectaculares vistas la que ha atra\u00eddo la atenci\u00f3n de importantes figuras como el ex ciclista profesional Fabio Sacchi, quien viajar\u00e1 desde Italia a Tarragona el 4 de octubre y que ya ha manifestado sus ganas por vivir en primera persona la experiencia granfonder. Las <strong>inscripciones<\/strong> siguen abiertas hasta el pr\u00f3ximo d\u00eda 20, a trav\u00e9s de la web <a href=\"http:\/\/www.granfondotarragona.com\" rel=\"nofollow noopener\" target=\"_blank\">http:\/\/www.granfondotarragona.com<\/a>.<\/p>\n<p style=\"text-align: justify;\">Tras un estreno de gran nivel en 2014 con medio millar de participantes, <strong>Gran Fondo Tarragona<\/strong> ha vuelto con fuerza. Dos distancias (Gran Fondo, 160km y Medio Fondo, 107km), espectaculares paisajes y todas las atenciones necesarias a los granfonders son algunos de los puntos clave de la cita. La ilusi\u00f3n de la organizaci\u00f3n y el deseo de que todos los participantes se lleven un inmejorable recuerdo de una experiencia \u00fanica, son los objetivos primordiales del evento. Una cita que pone a Tarragona en el punto de mira como \u201cdestino tur\u00edstico deportivo\u201d y \u201csport friendly\u201d, con especial importancia siendo sede de los Juegos del Mediterr\u00e1neo en 2017.<\/p>\n","protected":false},"excerpt":{"rendered":"<p>La Gran Fondo Tarragona vuelve a calentar motores. Tras una primera y exitosa edici\u00f3n, ahora turno para una prueba que ser\u00e1 m\u00e1s internacional que nunca.<\/p>\n","protected":false},"author":12,"featured_media":38316,"comment_status":"open","ping_status":"open","sticky":false,"template":"","format":"standard","meta":{"_acf_changed":false,"rank_math_lock_modified_date":false,"footnotes":""},"categories":[17,2833],"tags":[],"class_list":{"0":"post-38277","1":"post","2":"type-post","3":"status-publish","4":"format-standard","5":"has-post-thumbnail","7":"category-actualidad","8":"category-cicloturismo"},"acf":[],"_links":{"self":[{"href":"https:\/\/miurltemporal.com/main/triatletasenred.sport.es\/wp-json\/wp\/v2\/posts\/38277"}],"collection":[{"href":"https:\/\/miurltemporal.com/main/triatletasenred.sport.es\/wp-json\/wp\/v2\/posts"}],"about":[{"href":"https:\/\/miurltemporal.com/main/triatletasenred.sport.es\/wp-json\/wp\/v2\/types\/post"}],"author":[{"embeddable":true,"href":"https:\/\/miurltemporal.com/main/triatletasenred.sport.es\/wp-json\/wp\/v2\/users\/12"}],"replies":[{"embeddable":true,"href":"https:\/\/miurltemporal.com/main/triatletasenred.sport.es\/wp-json\/wp\/v2\/comments?post=38277"}],"version-history":[{"count":0,"href":"https:\/\/miurltemporal.com/main/triatletasenred.sport.es\/wp-json\/wp\/v2\/posts\/38277\/revisions"}],"wp:featuredmedia":[{"embeddable":true,"href":"https:\/\/miurltemporal.com/main/triatletasenred.sport.es\/wp-json\/wp\/v2\/media\/38316"}],"wp:attachment":[{"href":"https:\/\/miurltemporal.com/main/triatletasenred.sport.es\/wp-json\/wp\/v2\/media?parent=38277"}],"wp:term":[{"taxonomy":"category","embeddable":true,"href":"https:\/\/miurltemporal.com/main/triatletasenred.sport.es\/wp-json\/wp\/v2\/categories?post=38277"},{"taxonomy":"post_tag","embeddable":true,"href":"https:\/\/miurltemporal.com/main/triatletasenred.sport.es\/wp-json\/wp\/v2\/tags?post=38277"}],"curies":[{"name":"wp","href":"https:\/\/api.w.org\/{rel}","templated":true}]}}