{"id":38177,"date":"2015-09-07T00:31:06","date_gmt":"2015-09-06T22:31:06","guid":{"rendered":"http:\/\/triatletasenred.com\/?p=38177"},"modified":"2015-09-07T21:33:00","modified_gmt":"2015-09-07T19:33:00","slug":"javi-gomez-noya-segundo-en-edmonton","status":"publish","type":"post","link":"https:\/\/miurltemporal.com/main/triatletasenred.sport.es\/actualidad\/javi-gomez-noya-segundo-en-edmonton\/","title":{"rendered":"Javi G\u00f3mez Noya, segundo en Edmonton"},"content":{"rendered":"<p style=\"text-align: justify;\">El gallego Javi G\u00f3mez Noya ha consolidado su liderato en las Series Mundiales ITU de triatl\u00f3n con la segunda posici\u00f3n en la pen\u00faltima prueba del campeonato, disputada este domingo en Edmonton (Canad\u00e1) sobre distancia sprint. Situado en el grupo de cabeza desde los primeros kil\u00f3metros en bici, el actual campe\u00f3n del mundo ha completado el sector ciclista en grupo. En un 5.000 de infarto a pie, Richard Murray se ha llevado la victoria, segundo ha sido Javi G\u00f3mez Noya y tercero el tambi\u00e9n espa\u00f1ol Mario Mola. &#8220;He tenido que darlo todo para ganar a Javi&#8221; explicaba Murray en la entrevista al acabar la carrera. Por su parte, el gallego ha declarado que\u00a0&#8220;un segundo puesto aqu\u00ed es un buen resultado para mi&#8221; y que &#8220;la Gran Final va a ser la carrera m\u00e1s importante&#8221;. Mario Mola, tercero en discordia, ha afirmado que Javi no se lo pomdr\u00e1 f\u00e1cil en Chicago y que &#8220;lo importante para mi hacer una buena carrera aqu\u00ed&#8221; zanjaba.<\/p>\n<p style=\"text-align: justify;\">La carrera se disput\u00f3 bajo unas terribles condiciones meteorol\u00f3gicas de lluvia y fr\u00edo, que marcaron el desarrollo de la prueba. Tras una nataci\u00f3n que no se deber\u00eda haber celebrado (muchos de los triatletas se quejaron de las malas condiciones para competir), se form\u00f3 un grupo de quince triatletas en los primeros kil\u00f3metros ciclistas, con Javi G\u00f3mez Noya y Vicente Hern\u00e1ndez entre los integrantes. Por detr\u00e1s, el grupo liderado por Mario Mola y Richard Murray trataba de reducir distancias, hecho que materializaron en la tercera vuelta, bajandose a correr m\u00e1s de 40 deportistas juntos. Ya desde el primer kil\u00f3metro el sudafricano Richard Murray impuso un fuerte ritmo a quien solo fue capaz de seguir Javi G\u00f3mez Noya. Los dos triatletas se distanciaron mientras por detr\u00e1s Mario Mola peleaba y remontaba hasta situarse en posiciones de podio. La victoria apenas peligr\u00f3 para Murray, que mantuvo siempre una distancia respecto al gallego, finalizando as\u00ed primero y segundo en Edmonton. Tercero fue Mario Mola, que remont\u00f3 para seguir manteniendo el segundo puesto de la general en las Series Mundiales.<\/p>\n<p style=\"text-align: justify;\">Vicente Hern\u00e1ndez ha finalizado en una excelente s\u00e9ptima posici\u00f3n que le permite seguir bien colocado en el ranking mundial. Cesc Godoy ha finalizado top40 en una carrera marcada por el fr\u00edo y el mal tiempo.<\/p>\n<p style=\"text-align: justify;\">De cara a la Gran Final, a Javi G\u00f3mez Noya le vale ser tercero si gana Mario Mola para levantar su quinto t\u00edtulo, mientras que si el ganador es Vincent Luis, el gallego deber\u00eda ser, m\u00ednimo cuarto para llevarse el cetro mundial.<\/p>\n","protected":false},"excerpt":{"rendered":"<p>El gallego ha logrado la segunda posici\u00f3n en la pen\u00faltima Serie Mundial del a\u00f1o. G\u00f3mez Noya llegar\u00e1 a Chicago a\u00fan m\u00e1s l\u00edder. Segundo ha sido Mario Mola.<\/p>\n","protected":false},"author":12,"featured_media":38197,"comment_status":"open","ping_status":"open","sticky":false,"template":"","format":"standard","meta":{"_acf_changed":false,"rank_math_lock_modified_date":false,"footnotes":""},"categories":[17,19,2033,1191],"tags":[],"class_list":{"0":"post-38177","1":"post","2":"type-post","3":"status-publish","4":"format-standard","5":"has-post-thumbnail","7":"category-actualidad","8":"category-competiciones","9":"category-sport","10":"category-triatlon"},"acf":[],"_links":{"self":[{"href":"https:\/\/miurltemporal.com/main/triatletasenred.sport.es\/wp-json\/wp\/v2\/posts\/38177"}],"collection":[{"href":"https:\/\/miurltemporal.com/main/triatletasenred.sport.es\/wp-json\/wp\/v2\/posts"}],"about":[{"href":"https:\/\/miurltemporal.com/main/triatletasenred.sport.es\/wp-json\/wp\/v2\/types\/post"}],"author":[{"embeddable":true,"href":"https:\/\/miurltemporal.com/main/triatletasenred.sport.es\/wp-json\/wp\/v2\/users\/12"}],"replies":[{"embeddable":true,"href":"https:\/\/miurltemporal.com/main/triatletasenred.sport.es\/wp-json\/wp\/v2\/comments?post=38177"}],"version-history":[{"count":0,"href":"https:\/\/miurltemporal.com/main/triatletasenred.sport.es\/wp-json\/wp\/v2\/posts\/38177\/revisions"}],"wp:featuredmedia":[{"embeddable":true,"href":"https:\/\/miurltemporal.com/main/triatletasenred.sport.es\/wp-json\/wp\/v2\/media\/38197"}],"wp:attachment":[{"href":"https:\/\/miurltemporal.com/main/triatletasenred.sport.es\/wp-json\/wp\/v2\/media?parent=38177"}],"wp:term":[{"taxonomy":"category","embeddable":true,"href":"https:\/\/miurltemporal.com/main/triatletasenred.sport.es\/wp-json\/wp\/v2\/categories?post=38177"},{"taxonomy":"post_tag","embeddable":true,"href":"https:\/\/miurltemporal.com/main/triatletasenred.sport.es\/wp-json\/wp\/v2\/tags?post=38177"}],"curies":[{"name":"wp","href":"https:\/\/api.w.org\/{rel}","templated":true}]}}