{"id":38160,"date":"2015-09-06T16:46:05","date_gmt":"2015-09-06T14:46:05","guid":{"rendered":"http:\/\/triatletasenred.com\/?p=38160"},"modified":"2015-09-06T19:44:09","modified_gmt":"2015-09-06T17:44:09","slug":"doblete-de-uxio-abuin-y-pablo-dapena-en-rumania","status":"publish","type":"post","link":"https:\/\/miurltemporal.com/main/triatletasenred.sport.es\/actualidad\/doblete-de-uxio-abuin-y-pablo-dapena-en-rumania\/","title":{"rendered":"Doblete de Uxio Abu\u00edn y Pablo Dapena en Ruman\u00eda"},"content":{"rendered":"<p style=\"text-align: justify;\">Los gallegos Uxio Abu\u00edn y Pablo Dapena han ocupado las dos primeras posiciones en el podio de la Copa de Europa ETU de Constanta-Mamaia, disputada este domingo en Ruman\u00eda. &#8220;Fue una carrera muy dura por que se levant\u00f3 mucho viento y el mar estaba picad\u00edsimo, costaba mucho nadar&#8221; explica Abu\u00edn para Triatletas en Red al acabar la carrera. Los dos espa\u00f1oles salieron del agua segundo y tercero tras Gundersen (con quien compartieron entrenamientos de pretemporada), para posteriormente formar un grupo de 12 triatletas que pronto empez\u00f3 a marcar diferencias. &#8220;Nos desgastamos todos mucho en la bicicleta y cuando empezamos a pie vi que todos iban tocados&#8221; comenta el campe\u00f3n, que lanz\u00f3 una escapada con Pablo Dapena para seguidamente escaparse en el kil\u00f3metro 5 y conseguir la victoria.<\/p>\n<p style=\"text-align: justify;\">Es la segunda victoria en una Copa de Europa para Ux\u00edo Abu\u00edn esta temporada tras la conseguida en Madrid, que le sit\u00faa segundo en el ranking europeo. &#8220;Estoy muy contento por que consegu\u00ed muchos puntos para el ranking y me coloco segundo y con opciones para la Gran Final de la Copa de Europa que se disputa el 26 de septiembre en Sochi (Rusia). &#8220;El problema es que estos viajes nos los tenemos que pagar nosotros, vamos sin ayudas federativas&#8221; concluye Abu\u00edn.<\/p>\n<p style=\"text-align: justify;\"><a href=\"https:\/\/miurltemporal.com/main/triatletasenred.sport.es\/wp-content\/uploads\/banner-viator-triatlon-1.gif\"><img decoding=\"async\" class=\"alignnone size-full wp-image-36383\" src=\"https:\/\/miurltemporal.com/main/triatletasenred.sport.es\/wp-content\/uploads\/banner-viator-triatlon-1.gif\" alt=\"banner-viator-triatlon-1\" width=\"300\" height=\"150\" \/><\/a><\/p>\n<p style=\"text-align: justify;\"><a href=\"https:\/\/miurltemporal.com/main/triatletasenred.sport.es\/wp-content\/uploads\/Compressport2.jpg\"><img fetchpriority=\"high\" decoding=\"async\" class=\"alignnone size-full wp-image-35097\" src=\"https:\/\/miurltemporal.com/main/triatletasenred.sport.es\/wp-content\/uploads\/Compressport2.jpg\" alt=\"Compressport\" width=\"479\" height=\"105\" srcset=\"https:\/\/miurltemporal.com/main/triatletasenred.sport.es\/wp-content\/uploads\/Compressport2.jpg 479w, https:\/\/miurltemporal.com/main/triatletasenred.sport.es\/wp-content\/uploads\/Compressport2-300x65.jpg 300w\" sizes=\"(max-width: 479px) 100vw, 479px\" \/><\/a><\/p>\n","protected":false},"excerpt":{"rendered":"<p>Los gallegos Uxio Abu\u00edn y Pablo Dapena han logrado un fant\u00e1stico doblete en la Copa de Europa de Constanta-Mamaia, disputada este domingo en Ruman\u00eda.<\/p>\n","protected":false},"author":12,"featured_media":38163,"comment_status":"open","ping_status":"open","sticky":false,"template":"","format":"standard","meta":{"_acf_changed":false,"rank_math_lock_modified_date":false,"footnotes":""},"categories":[17,19,2033,1191],"tags":[],"class_list":{"0":"post-38160","1":"post","2":"type-post","3":"status-publish","4":"format-standard","5":"has-post-thumbnail","7":"category-actualidad","8":"category-competiciones","9":"category-sport","10":"category-triatlon"},"acf":[],"_links":{"self":[{"href":"https:\/\/miurltemporal.com/main/triatletasenred.sport.es\/wp-json\/wp\/v2\/posts\/38160"}],"collection":[{"href":"https:\/\/miurltemporal.com/main/triatletasenred.sport.es\/wp-json\/wp\/v2\/posts"}],"about":[{"href":"https:\/\/miurltemporal.com/main/triatletasenred.sport.es\/wp-json\/wp\/v2\/types\/post"}],"author":[{"embeddable":true,"href":"https:\/\/miurltemporal.com/main/triatletasenred.sport.es\/wp-json\/wp\/v2\/users\/12"}],"replies":[{"embeddable":true,"href":"https:\/\/miurltemporal.com/main/triatletasenred.sport.es\/wp-json\/wp\/v2\/comments?post=38160"}],"version-history":[{"count":0,"href":"https:\/\/miurltemporal.com/main/triatletasenred.sport.es\/wp-json\/wp\/v2\/posts\/38160\/revisions"}],"wp:featuredmedia":[{"embeddable":true,"href":"https:\/\/miurltemporal.com/main/triatletasenred.sport.es\/wp-json\/wp\/v2\/media\/38163"}],"wp:attachment":[{"href":"https:\/\/miurltemporal.com/main/triatletasenred.sport.es\/wp-json\/wp\/v2\/media?parent=38160"}],"wp:term":[{"taxonomy":"category","embeddable":true,"href":"https:\/\/miurltemporal.com/main/triatletasenred.sport.es\/wp-json\/wp\/v2\/categories?post=38160"},{"taxonomy":"post_tag","embeddable":true,"href":"https:\/\/miurltemporal.com/main/triatletasenred.sport.es\/wp-json\/wp\/v2\/tags?post=38160"}],"curies":[{"name":"wp","href":"https:\/\/api.w.org\/{rel}","templated":true}]}}