{"id":38152,"date":"2015-09-05T21:26:57","date_gmt":"2015-09-05T19:26:57","guid":{"rendered":"http:\/\/triatletasenred.com\/?p=38152"},"modified":"2015-09-06T20:09:39","modified_gmt":"2015-09-06T18:09:39","slug":"fernando-alarza-comentarista-de-las-series-mundiales-en-tvg2","status":"publish","type":"post","link":"https:\/\/miurltemporal.com/main/triatletasenred.sport.es\/en-red\/fernando-alarza-comentarista-de-las-series-mundiales-en-tvg2\/","title":{"rendered":"Fernando Alarza, comentarista de las Series Mundiales en TVG2"},"content":{"rendered":"<p style=\"text-align: justify;\">Despu\u00e9s de participar en el Campeonato Gallego de Triatl\u00f3n, el talaverano Fernando Alarza debutar\u00e1 como comentarista de las Series Mundiales. Lo har\u00e1 en el programa En Xogo de TVG2, comentando la\u00a0prueba masculina\u00a0junto con su entrenador Omar Gonz\u00e1lez, habitual comentarista. El talaverano, que descart\u00f3 la prueba de Edmonton de su calendario, afina su preparaci\u00f3n para la Gran Final de Chicago, que se disputar\u00e1 el fin de semana del 19 y 20 de septiembre. &#8220;<em>Ma\u00f1ana vivir\u00e9 la WTS de Edmonton de una forma distinta. A las 23:30 en En Xogo TVG2 junto con Omar Gonz\u00e1lez comentando el espect\u00e1culo!&#8221;\u00a0<\/em>escrib\u00eda Alarza en su cuenta de Twitter. La cita, a las 23:36 en TV Galicia. Tras ganar el Triatl\u00f3n do Mi\u00f1o, sede del Campeonato gallego de Triatl\u00f3n, el talaverano pone rumbo ahora a los estudios de la Televisi\u00f3n de Galicia.<\/p>\n<figure id=\"attachment_38164\" aria-describedby=\"caption-attachment-38164\" style=\"width: 404px\" class=\"wp-caption aligncenter\"><a href=\"https:\/\/miurltemporal.com/main/triatletasenred.sport.es\/wp-content\/uploads\/Fernando-Alarza-campe\u00f3n-gallego.jpg\"><img fetchpriority=\"high\" decoding=\"async\" class=\" wp-image-38164\" src=\"https:\/\/miurltemporal.com/main/triatletasenred.sport.es\/wp-content\/uploads\/Fernando-Alarza-campe\u00f3n-gallego.jpg\" alt=\"Jose Mart\u00ednez\" width=\"404\" height=\"303\" srcset=\"https:\/\/miurltemporal.com/main/triatletasenred.sport.es\/wp-content\/uploads\/Fernando-Alarza-campe\u00f3n-gallego.jpg 600w, https:\/\/miurltemporal.com/main/triatletasenred.sport.es\/wp-content\/uploads\/Fernando-Alarza-campe\u00f3n-gallego-300x225.jpg 300w\" sizes=\"(max-width: 404px) 100vw, 404px\" \/><\/a><figcaption id=\"caption-attachment-38164\" class=\"wp-caption-text\">Jose Mart\u00ednez<\/figcaption><\/figure>\n<p style=\"text-align: justify;\"><a href=\"https:\/\/miurltemporal.com/main/triatletasenred.sport.es\/wp-content\/uploads\/Etixx-Espa\u00f1a4.jpg\"><img decoding=\"async\" class=\"alignnone  wp-image-33896\" src=\"https:\/\/miurltemporal.com/main/triatletasenred.sport.es\/wp-content\/uploads\/Etixx-Espa\u00f1a4.jpg\" alt=\"Etixx Espa\u00f1a\" width=\"415\" height=\"208\" srcset=\"https:\/\/miurltemporal.com/main/triatletasenred.sport.es\/wp-content\/uploads\/Etixx-Espa\u00f1a4.jpg 577w, https:\/\/miurltemporal.com/main/triatletasenred.sport.es\/wp-content\/uploads\/Etixx-Espa\u00f1a4-300x150.jpg 300w\" sizes=\"(max-width: 415px) 100vw, 415px\" \/><\/a><\/p>\n","protected":false},"excerpt":{"rendered":"<p>El talaverano Fernando Alarza ser\u00e1 el comentarista de lujo de la prueba de Edmonton de las Series Mundiales, que se disputa este domingo.<\/p>\n","protected":false},"author":12,"featured_media":38153,"comment_status":"closed","ping_status":"closed","sticky":false,"template":"","format":"standard","meta":{"_acf_changed":false,"rank_math_lock_modified_date":false,"footnotes":""},"categories":[16,1191],"tags":[],"class_list":{"0":"post-38152","1":"post","2":"type-post","3":"status-publish","4":"format-standard","5":"has-post-thumbnail","7":"category-en-red","8":"category-triatlon"},"acf":[],"_links":{"self":[{"href":"https:\/\/miurltemporal.com/main/triatletasenred.sport.es\/wp-json\/wp\/v2\/posts\/38152"}],"collection":[{"href":"https:\/\/miurltemporal.com/main/triatletasenred.sport.es\/wp-json\/wp\/v2\/posts"}],"about":[{"href":"https:\/\/miurltemporal.com/main/triatletasenred.sport.es\/wp-json\/wp\/v2\/types\/post"}],"author":[{"embeddable":true,"href":"https:\/\/miurltemporal.com/main/triatletasenred.sport.es\/wp-json\/wp\/v2\/users\/12"}],"replies":[{"embeddable":true,"href":"https:\/\/miurltemporal.com/main/triatletasenred.sport.es\/wp-json\/wp\/v2\/comments?post=38152"}],"version-history":[{"count":0,"href":"https:\/\/miurltemporal.com/main/triatletasenred.sport.es\/wp-json\/wp\/v2\/posts\/38152\/revisions"}],"wp:featuredmedia":[{"embeddable":true,"href":"https:\/\/miurltemporal.com/main/triatletasenred.sport.es\/wp-json\/wp\/v2\/media\/38153"}],"wp:attachment":[{"href":"https:\/\/miurltemporal.com/main/triatletasenred.sport.es\/wp-json\/wp\/v2\/media?parent=38152"}],"wp:term":[{"taxonomy":"category","embeddable":true,"href":"https:\/\/miurltemporal.com/main/triatletasenred.sport.es\/wp-json\/wp\/v2\/categories?post=38152"},{"taxonomy":"post_tag","embeddable":true,"href":"https:\/\/miurltemporal.com/main/triatletasenred.sport.es\/wp-json\/wp\/v2\/tags?post=38152"}],"curies":[{"name":"wp","href":"https:\/\/api.w.org\/{rel}","templated":true}]}}