{"id":38146,"date":"2015-09-06T02:07:17","date_gmt":"2015-09-06T00:07:17","guid":{"rendered":"http:\/\/triatletasenred.com\/?p=38146"},"modified":"2015-09-06T02:07:17","modified_gmt":"2015-09-06T00:07:17","slug":"gwen-jorgensen-y-pierre-le-corre-dominan-en-el-grand-prix-de-quiberon","status":"publish","type":"post","link":"https:\/\/miurltemporal.com/main/triatletasenred.sport.es\/actualidad\/gwen-jorgensen-y-pierre-le-corre-dominan-en-el-grand-prix-de-quiberon\/","title":{"rendered":"Gwen Jorgensen y Pierre Le Corre dominan en el Grand Prix de Quiberon"},"content":{"rendered":"<p style=\"text-align: justify;\">La estadounidense Gwen Jorgensen (EC Sartouville) y el franc\u00e9s Pierre Le Corre (Montpellier Agglo Triathlon) han dominado en la pen\u00faltima prueba del Grand Prix franc\u00e9s de triatl\u00f3n, que se ha disputado en la localidad de Quiberon sobre distancia sprint. Los franceses Aurelien Raphael y Aurelien Lebrun, segundo y tercero respectivamente, han completado el podio en categor\u00eda masculina. Por su parte, en categor\u00eda femenina han sido Cassandre Beaugrand y Andrea Hewitt las que han acompa\u00f1ado a Jorgensen en el podio final. El espa\u00f1ol Ricardo Hern\u00e1ndez Marrero (T.C.G. 79 Parthenay) ha finalizado octavo en la prueba, que ha contado con varios triatletas de primer nivel internacional.<\/p>\n","protected":false},"excerpt":{"rendered":"<p>Gwen Jorgensen (EC Sartouville) y Pierre Le Corre (Montpellier Agglo Triathlon) han dominado en la pen\u00faltima prueba del Grand Prix, disputado en Quiberon.<\/p>\n","protected":false},"author":12,"featured_media":38157,"comment_status":"open","ping_status":"open","sticky":false,"template":"","format":"standard","meta":{"_acf_changed":false,"rank_math_lock_modified_date":false,"footnotes":""},"categories":[17,19,1191],"tags":[],"class_list":{"0":"post-38146","1":"post","2":"type-post","3":"status-publish","4":"format-standard","5":"has-post-thumbnail","7":"category-actualidad","8":"category-competiciones","9":"category-triatlon"},"acf":[],"_links":{"self":[{"href":"https:\/\/miurltemporal.com/main/triatletasenred.sport.es\/wp-json\/wp\/v2\/posts\/38146"}],"collection":[{"href":"https:\/\/miurltemporal.com/main/triatletasenred.sport.es\/wp-json\/wp\/v2\/posts"}],"about":[{"href":"https:\/\/miurltemporal.com/main/triatletasenred.sport.es\/wp-json\/wp\/v2\/types\/post"}],"author":[{"embeddable":true,"href":"https:\/\/miurltemporal.com/main/triatletasenred.sport.es\/wp-json\/wp\/v2\/users\/12"}],"replies":[{"embeddable":true,"href":"https:\/\/miurltemporal.com/main/triatletasenred.sport.es\/wp-json\/wp\/v2\/comments?post=38146"}],"version-history":[{"count":0,"href":"https:\/\/miurltemporal.com/main/triatletasenred.sport.es\/wp-json\/wp\/v2\/posts\/38146\/revisions"}],"wp:featuredmedia":[{"embeddable":true,"href":"https:\/\/miurltemporal.com/main/triatletasenred.sport.es\/wp-json\/wp\/v2\/media\/38157"}],"wp:attachment":[{"href":"https:\/\/miurltemporal.com/main/triatletasenred.sport.es\/wp-json\/wp\/v2\/media?parent=38146"}],"wp:term":[{"taxonomy":"category","embeddable":true,"href":"https:\/\/miurltemporal.com/main/triatletasenred.sport.es\/wp-json\/wp\/v2\/categories?post=38146"},{"taxonomy":"post_tag","embeddable":true,"href":"https:\/\/miurltemporal.com/main/triatletasenred.sport.es\/wp-json\/wp\/v2\/tags?post=38146"}],"curies":[{"name":"wp","href":"https:\/\/api.w.org\/{rel}","templated":true}]}}