{"id":38134,"date":"2015-09-05T14:52:41","date_gmt":"2015-09-05T12:52:41","guid":{"rendered":"http:\/\/triatletasenred.com\/?p=38134"},"modified":"2015-09-05T14:54:48","modified_gmt":"2015-09-05T12:54:48","slug":"richard-calle-vuelve-a-correr","status":"publish","type":"post","link":"https:\/\/miurltemporal.com/main/triatletasenred.sport.es\/en-red\/richard-calle-vuelve-a-correr\/","title":{"rendered":"Richard Calle vuelve a correr"},"content":{"rendered":"<p style=\"text-align: justify;\">El triatleta de Viladecans avanza en su recuperaci\u00f3n despu\u00e9s de que hace medio a\u00f1o, decidiera pasar por quir\u00f3fano para solucionar una lesi\u00f3n de cadera que le imped\u00eda entrenar con normalidad. El dolor al entrenar la carrera a pie era insostenible y Richard Calle tom\u00f3 la decisi\u00f3n de operarse para volver a la normalidad, aun sabiendo que se perder\u00eda la temporada 2015 por completo.\u00a0\u201c<em>La vida tiene estas cosas y hay que asimilarlas e intentar remontar. Toca aprovechar otros aspectos que tal vez los deportistas tenemos olvidadas por nuestras rutinas de entreno<\/em>\u201c <a href=\"https:\/\/miurltemporal.com/main/triatletasenred.sport.es\/actualidad\/richard-calle\/\" target=\"_blank\">explicaba Richard Calle a los oyentes de Transiciones el pasado mes de marzo<\/a>.<\/p>\n<p style=\"text-align: justify;\">Tras meses de recuperaci\u00f3n y trabajo en la sombra, Calle anunciaba<a href=\"https:\/\/twitter.com\/RichardCalle81\" target=\"_blank\" rel=\"nofollow noopener\"> en su cuenta de Twitter<\/a> su vuelta a la carrera a pie. &#8220;<em>Cinco meses despu\u00e9s de la acetabuloplastia + injerto de hueso\/cart\u00edlago cabeza f\u00e9mur + osteotom\u00eda de troc\u00e1nter &#8230; by\u00a0Manel Ribas\u00a0puedo trotar 500m. Manel Ribas\u00a0rules!!! No me olvido del brazo que me extendi\u00f3\u00a0Ignasi de la Rosa\u00a0GRACIAS!<\/em>&#8220;. Han sido cinco meses de esfuerzo por vollver a la normalidad, y desde Triatletas en Red seguimos animando a Richard Calle para que pronto vuelva a donde merece: la l\u00ednea de salida de un triatl\u00f3n.<\/p>\n<p style=\"text-align: justify;\"><a href=\"https:\/\/miurltemporal.com/main/triatletasenred.sport.es\/wp-content\/uploads\/banner-viator-triatlon-1.gif\"><img decoding=\"async\" class=\"alignnone size-full wp-image-36383\" src=\"https:\/\/miurltemporal.com/main/triatletasenred.sport.es\/wp-content\/uploads\/banner-viator-triatlon-1.gif\" alt=\"banner-viator-triatlon-1\" width=\"300\" height=\"150\" \/><\/a><\/p>\n","protected":false},"excerpt":{"rendered":"<p>El triatleta Viator est\u00e1 de vuelta. Richard Calle anunci\u00f3 esta semana en su cuenta de Twitter que ya ha trotado. Su vuelta, cada vez m\u00e1s cerca.<\/p>\n","protected":false},"author":12,"featured_media":38135,"comment_status":"open","ping_status":"open","sticky":false,"template":"","format":"standard","meta":{"_acf_changed":false,"rank_math_lock_modified_date":false,"footnotes":""},"categories":[17,16,1191],"tags":[],"class_list":{"0":"post-38134","1":"post","2":"type-post","3":"status-publish","4":"format-standard","5":"has-post-thumbnail","7":"category-actualidad","8":"category-en-red","9":"category-triatlon"},"acf":[],"_links":{"self":[{"href":"https:\/\/miurltemporal.com/main/triatletasenred.sport.es\/wp-json\/wp\/v2\/posts\/38134"}],"collection":[{"href":"https:\/\/miurltemporal.com/main/triatletasenred.sport.es\/wp-json\/wp\/v2\/posts"}],"about":[{"href":"https:\/\/miurltemporal.com/main/triatletasenred.sport.es\/wp-json\/wp\/v2\/types\/post"}],"author":[{"embeddable":true,"href":"https:\/\/miurltemporal.com/main/triatletasenred.sport.es\/wp-json\/wp\/v2\/users\/12"}],"replies":[{"embeddable":true,"href":"https:\/\/miurltemporal.com/main/triatletasenred.sport.es\/wp-json\/wp\/v2\/comments?post=38134"}],"version-history":[{"count":0,"href":"https:\/\/miurltemporal.com/main/triatletasenred.sport.es\/wp-json\/wp\/v2\/posts\/38134\/revisions"}],"wp:featuredmedia":[{"embeddable":true,"href":"https:\/\/miurltemporal.com/main/triatletasenred.sport.es\/wp-json\/wp\/v2\/media\/38135"}],"wp:attachment":[{"href":"https:\/\/miurltemporal.com/main/triatletasenred.sport.es\/wp-json\/wp\/v2\/media?parent=38134"}],"wp:term":[{"taxonomy":"category","embeddable":true,"href":"https:\/\/miurltemporal.com/main/triatletasenred.sport.es\/wp-json\/wp\/v2\/categories?post=38134"},{"taxonomy":"post_tag","embeddable":true,"href":"https:\/\/miurltemporal.com/main/triatletasenred.sport.es\/wp-json\/wp\/v2\/tags?post=38134"}],"curies":[{"name":"wp","href":"https:\/\/api.w.org\/{rel}","templated":true}]}}