{"id":38131,"date":"2015-09-05T15:26:47","date_gmt":"2015-09-05T13:26:47","guid":{"rendered":"http:\/\/triatletasenred.com\/?p=38131"},"modified":"2015-09-05T15:26:47","modified_gmt":"2015-09-05T13:26:47","slug":"las-skoda-triathlon-series-aterrizan-en-palma-de-mallorca","status":"publish","type":"post","link":"https:\/\/miurltemporal.com/main/triatletasenred.sport.es\/competiciones\/las-skoda-triathlon-series-aterrizan-en-palma-de-mallorca\/","title":{"rendered":"Las Skoda Triathlon Series aterrizan en Palma de Mallorca"},"content":{"rendered":"<p style=\"text-align: justify;\">Cerca de 800 triatletas se dan cita este domingo 6 de septiembre en las Skoda Triathlon Series de Palma de Mallorca, que se celebran en el entorno de la catedral de la ciudad. Los participantes en la prueba se dividen entre distancia ol\u00edmpica (1.500 metros de nataci\u00f3n, 40 kil\u00f3metros\u00a0de ciclismo\u00a0y 10 kil\u00f3metros de carrera a pie), distancia sprint (750 metros de nataci\u00f3n, 20 kil\u00f3metros de ciclismo y 5 kil\u00f3metros de carrera a pie), y distancia supersprint (350\u00a0metros de nataci\u00f3n, 10 kil\u00f3metros de ciclismo y 2,5 kil\u00f3metros de carrera a pie), que debuta en esta edici\u00f3n de las Skoda Triathlon Series de Palma de Mallorca.<\/p>\n<p style=\"text-align: justify;\">Tras su parada en las Islas Baleares, <a href=\"www.skodatriathlonseries.org\" target=\"_blank\">el mayor circuito nacional de triatl\u00f3n popular<\/a> seguir\u00e1 su camino en Sevilla el 13 de septiembre y en Getxo el 20 de septiembre.<\/p>\n","protected":false},"excerpt":{"rendered":"<p>Las Skoda Triathlon Series vuelven a escena este domingo con la disputa de la prueba de Palma de Mallorca, con tres distancias disponibles.<\/p>\n","protected":false},"author":12,"featured_media":38139,"comment_status":"open","ping_status":"open","sticky":false,"template":"","format":"standard","meta":{"_acf_changed":false,"rank_math_lock_modified_date":false,"footnotes":""},"categories":[19,1191],"tags":[],"class_list":{"0":"post-38131","1":"post","2":"type-post","3":"status-publish","4":"format-standard","5":"has-post-thumbnail","7":"category-competiciones","8":"category-triatlon"},"acf":[],"_links":{"self":[{"href":"https:\/\/miurltemporal.com/main/triatletasenred.sport.es\/wp-json\/wp\/v2\/posts\/38131"}],"collection":[{"href":"https:\/\/miurltemporal.com/main/triatletasenred.sport.es\/wp-json\/wp\/v2\/posts"}],"about":[{"href":"https:\/\/miurltemporal.com/main/triatletasenred.sport.es\/wp-json\/wp\/v2\/types\/post"}],"author":[{"embeddable":true,"href":"https:\/\/miurltemporal.com/main/triatletasenred.sport.es\/wp-json\/wp\/v2\/users\/12"}],"replies":[{"embeddable":true,"href":"https:\/\/miurltemporal.com/main/triatletasenred.sport.es\/wp-json\/wp\/v2\/comments?post=38131"}],"version-history":[{"count":0,"href":"https:\/\/miurltemporal.com/main/triatletasenred.sport.es\/wp-json\/wp\/v2\/posts\/38131\/revisions"}],"wp:featuredmedia":[{"embeddable":true,"href":"https:\/\/miurltemporal.com/main/triatletasenred.sport.es\/wp-json\/wp\/v2\/media\/38139"}],"wp:attachment":[{"href":"https:\/\/miurltemporal.com/main/triatletasenred.sport.es\/wp-json\/wp\/v2\/media?parent=38131"}],"wp:term":[{"taxonomy":"category","embeddable":true,"href":"https:\/\/miurltemporal.com/main/triatletasenred.sport.es\/wp-json\/wp\/v2\/categories?post=38131"},{"taxonomy":"post_tag","embeddable":true,"href":"https:\/\/miurltemporal.com/main/triatletasenred.sport.es\/wp-json\/wp\/v2\/tags?post=38131"}],"curies":[{"name":"wp","href":"https:\/\/api.w.org\/{rel}","templated":true}]}}