{"id":38129,"date":"2015-09-06T11:05:05","date_gmt":"2015-09-06T09:05:05","guid":{"rendered":"http:\/\/triatletasenred.com\/?p=38129"},"modified":"2015-11-24T02:23:31","modified_gmt":"2015-11-24T00:23:31","slug":"nan-oliveras-y-anna-flaquer-campeones-de-catalunya-olimpico","status":"publish","type":"post","link":"https:\/\/miurltemporal.com/main/triatletasenred.sport.es\/competiciones\/nan-oliveras-y-anna-flaquer-campeones-de-catalunya-olimpico\/","title":{"rendered":"Nan Oliveras y Anna Flaquer, campeones de Catalunya ol\u00edmpico"},"content":{"rendered":"<p style=\"text-align: justify;\">Nan Oliveras y Anna Flaquer se han proclamado campeones de Catalunya de triatl\u00f3n en distancia ol\u00edmpica este s\u00e1bado en Banyoles.\u00a0Ambos prolongan as\u00ed los \u00e9xitos conseguidos en el Campeonato de Espa\u00f1a donde fueron primero y tercero, respectivamente, en la prueba disputada en Altafulla. El triatleta de Olot Nan Oliveras ha logrado la victoria y ha revalidado un t\u00edtulo que ya consigui\u00f3 hace\u00a0cinco a\u00f1os. En el podio ha estado acompa\u00f1ado por sendos triatletas del Fasttriatlon: Jordi Garcia, segundo, y Albert Parre\u00f1o, tercero. Por su parte, la tambien &#8216;fastter&#8217; Anna Flaquer ha estado acompa\u00f1ada en el podio por Laia Conesa y Juliana Villasante.<\/p>\n<p style=\"text-align: justify;\"><a class=\"vc_btn vc_btn-default vc_btn-sm vc_btn_square \" href=\"https:\/\/www.facebook.com\/media\/set\/?set=a.435384863334043.1073741845.133581163514416&#038;type=3\" rel=\"nofollow noopener\" target=\"_blank\">Fotos en carrera<\/a><\/p>\n","protected":false},"excerpt":{"rendered":"<p>Nan Oliveras y Anna Flaquer se han proclamado este fin de semana campeones de Catalunya de triatl\u00f3n en distancia ol\u00edmpica, disputado en Banyoles.<\/p>\n","protected":false},"author":12,"featured_media":38158,"comment_status":"open","ping_status":"open","sticky":false,"template":"","format":"standard","meta":{"_acf_changed":false,"rank_math_lock_modified_date":false,"footnotes":""},"categories":[19,1191],"tags":[],"class_list":{"0":"post-38129","1":"post","2":"type-post","3":"status-publish","4":"format-standard","5":"has-post-thumbnail","7":"category-competiciones","8":"category-triatlon"},"acf":[],"_links":{"self":[{"href":"https:\/\/miurltemporal.com/main/triatletasenred.sport.es\/wp-json\/wp\/v2\/posts\/38129"}],"collection":[{"href":"https:\/\/miurltemporal.com/main/triatletasenred.sport.es\/wp-json\/wp\/v2\/posts"}],"about":[{"href":"https:\/\/miurltemporal.com/main/triatletasenred.sport.es\/wp-json\/wp\/v2\/types\/post"}],"author":[{"embeddable":true,"href":"https:\/\/miurltemporal.com/main/triatletasenred.sport.es\/wp-json\/wp\/v2\/users\/12"}],"replies":[{"embeddable":true,"href":"https:\/\/miurltemporal.com/main/triatletasenred.sport.es\/wp-json\/wp\/v2\/comments?post=38129"}],"version-history":[{"count":0,"href":"https:\/\/miurltemporal.com/main/triatletasenred.sport.es\/wp-json\/wp\/v2\/posts\/38129\/revisions"}],"wp:featuredmedia":[{"embeddable":true,"href":"https:\/\/miurltemporal.com/main/triatletasenred.sport.es\/wp-json\/wp\/v2\/media\/38158"}],"wp:attachment":[{"href":"https:\/\/miurltemporal.com/main/triatletasenred.sport.es\/wp-json\/wp\/v2\/media?parent=38129"}],"wp:term":[{"taxonomy":"category","embeddable":true,"href":"https:\/\/miurltemporal.com/main/triatletasenred.sport.es\/wp-json\/wp\/v2\/categories?post=38129"},{"taxonomy":"post_tag","embeddable":true,"href":"https:\/\/miurltemporal.com/main/triatletasenred.sport.es\/wp-json\/wp\/v2\/tags?post=38129"}],"curies":[{"name":"wp","href":"https:\/\/api.w.org\/{rel}","templated":true}]}}