{"id":38124,"date":"2015-09-04T21:47:44","date_gmt":"2015-09-04T19:47:44","guid":{"rendered":"http:\/\/triatletasenred.com\/?p=38124"},"modified":"2015-09-04T21:48:44","modified_gmt":"2015-09-04T19:48:44","slug":"ricardo-abad-y-un-ironman-indoor-en-unibike","status":"publish","type":"post","link":"https:\/\/miurltemporal.com/main/triatletasenred.sport.es\/actualidad\/ricardo-abad-y-un-ironman-indoor-en-unibike\/","title":{"rendered":"Ricardo Abad y un Ironman indoor en Unibike"},"content":{"rendered":"<p style=\"text-align: justify;\">Horas y horas, incansable. El popular ultrafondista Ricardo Abad realizar\u00e1 este mes de septiembre en la Feria Internacional de la Bicicleta de Madrid, un triatl\u00f3n de larga distancia en un pavell\u00f3n indoor. De la mano de Skechers, nadar\u00e1 3,8 kil\u00f3metros en una piscina de corriente, pedalear\u00e1 180 kil\u00f3metros en un rodillo y correr\u00e1 42 kil\u00f3metros sobre una cinta de correr. Ser\u00e1 el primer &#8216;Ironman&#8217; que se realizar\u00e1 en IFEMA, sede de Unibike 2015 y que a su vez tambi\u00e9n acoger\u00e1 un area destinada exclusivamente al triatl\u00f3n. Abad preve\u00e9 que consumir\u00e1 m\u00e1s de 10.000kcal y que perder\u00e1 m\u00e1s de dos kilos de peso al realizar el triatl\u00f3n de larga distancia indoor.<\/p>\n<p style=\"text-align: justify;\">En la mencionada \u00e1rea de triatl\u00f3n (Pavell\u00f3n 14 de IFEMA), los visitantes que lo deseen podr\u00e1n probar los modelos de las marcas de running all\u00ed presentes, y contar\u00e1n con cintas de correr y una pista de atletismo de 40 metros para comprobar las sensaciones del calzado.<\/p>\n<p style=\"text-align: justify;\">La marca Skechers, que calzar\u00e1 al triatleta navarro para el reto, es patrocinadora este fin de semana del <a href=\"http:\/\/xmountain.es\/\" target=\"_blank\" rel=\"nofollow noopener\">Triatl\u00f3n Cross de la Casa de Campo<\/a>, y ser\u00e1 tambi\u00e9n la marca que m\u00e1s visibilidad tenga en el Area Triatl\u00f3n de la Feria Internacional de la Bicicleta que se celebrar\u00e1 en Madrid el fin de semana del 18 al 20 de septiembre.<\/p>\n<p style=\"text-align: justify;\">\n","protected":false},"excerpt":{"rendered":"<p>El ultrafondista Ricardo Abad tratar\u00e1 de completar un triatl\u00f3n de larga distancia indoor durante la celebraci\u00f3n de Unibike 2015, en el Area de Triatl\u00f3n.<\/p>\n","protected":false},"author":12,"featured_media":38126,"comment_status":"open","ping_status":"open","sticky":false,"template":"","format":"standard","meta":{"_acf_changed":false,"rank_math_lock_modified_date":false,"footnotes":""},"categories":[17,1192],"tags":[],"class_list":{"0":"post-38124","1":"post","2":"type-post","3":"status-publish","4":"format-standard","5":"has-post-thumbnail","7":"category-actualidad","8":"category-running"},"acf":[],"_links":{"self":[{"href":"https:\/\/miurltemporal.com/main/triatletasenred.sport.es\/wp-json\/wp\/v2\/posts\/38124"}],"collection":[{"href":"https:\/\/miurltemporal.com/main/triatletasenred.sport.es\/wp-json\/wp\/v2\/posts"}],"about":[{"href":"https:\/\/miurltemporal.com/main/triatletasenred.sport.es\/wp-json\/wp\/v2\/types\/post"}],"author":[{"embeddable":true,"href":"https:\/\/miurltemporal.com/main/triatletasenred.sport.es\/wp-json\/wp\/v2\/users\/12"}],"replies":[{"embeddable":true,"href":"https:\/\/miurltemporal.com/main/triatletasenred.sport.es\/wp-json\/wp\/v2\/comments?post=38124"}],"version-history":[{"count":0,"href":"https:\/\/miurltemporal.com/main/triatletasenred.sport.es\/wp-json\/wp\/v2\/posts\/38124\/revisions"}],"wp:featuredmedia":[{"embeddable":true,"href":"https:\/\/miurltemporal.com/main/triatletasenred.sport.es\/wp-json\/wp\/v2\/media\/38126"}],"wp:attachment":[{"href":"https:\/\/miurltemporal.com/main/triatletasenred.sport.es\/wp-json\/wp\/v2\/media?parent=38124"}],"wp:term":[{"taxonomy":"category","embeddable":true,"href":"https:\/\/miurltemporal.com/main/triatletasenred.sport.es\/wp-json\/wp\/v2\/categories?post=38124"},{"taxonomy":"post_tag","embeddable":true,"href":"https:\/\/miurltemporal.com/main/triatletasenred.sport.es\/wp-json\/wp\/v2\/tags?post=38124"}],"curies":[{"name":"wp","href":"https:\/\/api.w.org\/{rel}","templated":true}]}}