{"id":38101,"date":"2015-09-03T11:09:56","date_gmt":"2015-09-03T09:09:56","guid":{"rendered":"http:\/\/triatletasenred.com\/?p=38101"},"modified":"2015-09-03T11:09:56","modified_gmt":"2015-09-03T09:09:56","slug":"el-campeonato-de-espana-de-altafulla-en-teledeporte","status":"publish","type":"post","link":"https:\/\/miurltemporal.com/main/triatletasenred.sport.es\/actualidad\/el-campeonato-de-espana-de-altafulla-en-teledeporte\/","title":{"rendered":"El campeonato de Espa\u00f1a de Altafulla en Teledeporte"},"content":{"rendered":"<p style=\"text-align: justify;\">Fruto del acuerdo entre la Federaci\u00f3n Espa\u00f1ola de Triatl\u00f3n y Radio Televisi\u00f3n Espa\u00f1ola, el canal Teledeporte ofrece este jueves un v\u00eddeo resumen con los mejores momentos del Campeonato de Espa\u00f1a de triatl\u00f3n disputado este pasado fin de semana en Altafulla.<\/p>\n<p style=\"text-align: justify;\">Recordemos que en Altafulla se proclamaron campeones de espa\u00f1a el catal\u00e1n Nan Oliveras y a la valenciana T\u00e1mara G\u00f3mez La cita con Teledeporte, <a href=\"http:\/\/www.rtve.es\/tve\/b\/teledeporte\/\" target=\"_blank\" rel=\"nofollow noopener\">seg\u00fan su programaci\u00f3n oficial<\/a> es a las 19:45h (hora espa\u00f1ola). \u00a1Media hora de triatl\u00f3n!<\/p>\n<p style=\"text-align: justify;\"><a class=\"vc_btn vc_btn-default vc_btn-sm vc_btn_square \" href=\"https:\/\/miurltemporal.com/main/triatletasenred.sport.es\/?p=37977\">Cr\u00f3nica del campeonato<\/a><\/p>\n","protected":false},"excerpt":{"rendered":"<p>Fruto del acuerdo entre la Federaci\u00f3n Espa\u00f1ola de Triatl\u00f3n y Radio Televisi\u00f3n Espa\u00f1ola, el canal Teledeporte ofrece este jueves un v\u00eddeo resumen con los mejores momentos del Campeonato de Espa\u00f1a de triatl\u00f3n disputado este pasado fin de semana en Altafulla. Recordemos que en Altafulla se proclamaron campeones de espa\u00f1a el catal\u00e1n Nan Oliveras y a [&hellip;]<\/p>\n","protected":false},"author":2,"featured_media":37990,"comment_status":"open","ping_status":"open","sticky":false,"template":"","format":"standard","meta":{"_acf_changed":false,"rank_math_lock_modified_date":false,"footnotes":""},"categories":[17],"tags":[],"class_list":{"0":"post-38101","1":"post","2":"type-post","3":"status-publish","4":"format-standard","5":"has-post-thumbnail","7":"category-actualidad"},"acf":[],"_links":{"self":[{"href":"https:\/\/miurltemporal.com/main/triatletasenred.sport.es\/wp-json\/wp\/v2\/posts\/38101"}],"collection":[{"href":"https:\/\/miurltemporal.com/main/triatletasenred.sport.es\/wp-json\/wp\/v2\/posts"}],"about":[{"href":"https:\/\/miurltemporal.com/main/triatletasenred.sport.es\/wp-json\/wp\/v2\/types\/post"}],"author":[{"embeddable":true,"href":"https:\/\/miurltemporal.com/main/triatletasenred.sport.es\/wp-json\/wp\/v2\/users\/2"}],"replies":[{"embeddable":true,"href":"https:\/\/miurltemporal.com/main/triatletasenred.sport.es\/wp-json\/wp\/v2\/comments?post=38101"}],"version-history":[{"count":0,"href":"https:\/\/miurltemporal.com/main/triatletasenred.sport.es\/wp-json\/wp\/v2\/posts\/38101\/revisions"}],"wp:featuredmedia":[{"embeddable":true,"href":"https:\/\/miurltemporal.com/main/triatletasenred.sport.es\/wp-json\/wp\/v2\/media\/37990"}],"wp:attachment":[{"href":"https:\/\/miurltemporal.com/main/triatletasenred.sport.es\/wp-json\/wp\/v2\/media?parent=38101"}],"wp:term":[{"taxonomy":"category","embeddable":true,"href":"https:\/\/miurltemporal.com/main/triatletasenred.sport.es\/wp-json\/wp\/v2\/categories?post=38101"},{"taxonomy":"post_tag","embeddable":true,"href":"https:\/\/miurltemporal.com/main/triatletasenred.sport.es\/wp-json\/wp\/v2\/tags?post=38101"}],"curies":[{"name":"wp","href":"https:\/\/api.w.org\/{rel}","templated":true}]}}