{"id":38060,"date":"2015-09-05T19:34:53","date_gmt":"2015-09-05T17:34:53","guid":{"rendered":"http:\/\/triatletasenred.com\/?p=38060"},"modified":"2015-09-05T19:34:53","modified_gmt":"2015-09-05T17:34:53","slug":"albert-soley-favorito-en-el-xterra-lozoya","status":"publish","type":"post","link":"https:\/\/miurltemporal.com/main/triatletasenred.sport.es\/actualidad\/albert-soley-favorito-en-el-xterra-lozoya\/","title":{"rendered":"Albert Soley, favorito en el XTERRA Lozoya"},"content":{"rendered":"<p style=\"text-align: justify;\">El catal\u00e1n Albert Soley se presenta como m\u00e1ximo favorito para llevarse la victoria en el XTERRA Lozoya, que se disputar\u00e1 este\u00a0domingo en Madrid. Tras su quinta posici\u00f3n en el Campeonato de Europa, afina su preparaci\u00f3n para participar en el Campeonato del Mundo el pr\u00f3ximo mes de octubre. &#8220;Todo apunto para afrontar el fin de semana!! I Milla solidaria canina by Terranova CNC m\u00e1s XTERRA Spain en Madrid. Gracias al Centre M\u00e9dic LR!&#8221; escrib\u00eda en su cuenta oficial en Facebook.<\/p>\n<a class=\"vc_btn vc_btn-default vc_btn-sm vc_btn_square \" href=\"http:\/\/xterraspain.es\/xterra-spain-tour-2015\/xterra-madrid\/#tab-id-5\" rel=\"nofollow noopener\" target=\"_blank\">Lista de salida XTERRA Lozoya<\/a>\n","protected":false},"excerpt":{"rendered":"<p>Albert Soley es favorito a la victoria en el XTERRA Lozoya, que se disputa este domingo en Madrid. Llega tras el quinto puesto en el Campeonato de Europa.<\/p>\n","protected":false},"author":12,"featured_media":38144,"comment_status":"open","ping_status":"open","sticky":false,"template":"","format":"standard","meta":{"_acf_changed":false,"rank_math_lock_modified_date":false,"footnotes":""},"categories":[17,19,1191],"tags":[],"class_list":{"0":"post-38060","1":"post","2":"type-post","3":"status-publish","4":"format-standard","5":"has-post-thumbnail","7":"category-actualidad","8":"category-competiciones","9":"category-triatlon"},"acf":[],"_links":{"self":[{"href":"https:\/\/miurltemporal.com/main/triatletasenred.sport.es\/wp-json\/wp\/v2\/posts\/38060"}],"collection":[{"href":"https:\/\/miurltemporal.com/main/triatletasenred.sport.es\/wp-json\/wp\/v2\/posts"}],"about":[{"href":"https:\/\/miurltemporal.com/main/triatletasenred.sport.es\/wp-json\/wp\/v2\/types\/post"}],"author":[{"embeddable":true,"href":"https:\/\/miurltemporal.com/main/triatletasenred.sport.es\/wp-json\/wp\/v2\/users\/12"}],"replies":[{"embeddable":true,"href":"https:\/\/miurltemporal.com/main/triatletasenred.sport.es\/wp-json\/wp\/v2\/comments?post=38060"}],"version-history":[{"count":0,"href":"https:\/\/miurltemporal.com/main/triatletasenred.sport.es\/wp-json\/wp\/v2\/posts\/38060\/revisions"}],"wp:featuredmedia":[{"embeddable":true,"href":"https:\/\/miurltemporal.com/main/triatletasenred.sport.es\/wp-json\/wp\/v2\/media\/38144"}],"wp:attachment":[{"href":"https:\/\/miurltemporal.com/main/triatletasenred.sport.es\/wp-json\/wp\/v2\/media?parent=38060"}],"wp:term":[{"taxonomy":"category","embeddable":true,"href":"https:\/\/miurltemporal.com/main/triatletasenred.sport.es\/wp-json\/wp\/v2\/categories?post=38060"},{"taxonomy":"post_tag","embeddable":true,"href":"https:\/\/miurltemporal.com/main/triatletasenred.sport.es\/wp-json\/wp\/v2\/tags?post=38060"}],"curies":[{"name":"wp","href":"https:\/\/api.w.org\/{rel}","templated":true}]}}