{"id":38042,"date":"2015-09-01T10:03:38","date_gmt":"2015-09-01T08:03:38","guid":{"rendered":"http:\/\/triatletasenred.com\/?p=38042"},"modified":"2015-09-02T07:16:26","modified_gmt":"2015-09-02T05:16:26","slug":"gran-fondo-tarragona","status":"publish","type":"post","link":"https:\/\/miurltemporal.com/main/triatletasenred.sport.es\/cicloturismo\/gran-fondo-tarragona\/","title":{"rendered":"Recta final para la cita con GRAN FONDO TARRAGONA,  el domingo 4 de octubre"},"content":{"rendered":"<p class=\"p1\" style=\"text-align: justify;\">Los preparativos de la <b>Gran Fondo Tarragona<\/b> entran en su recta final. A un mes escaso de la marcha cicloturista por excelencia de la ciudad romana, ya se palpan las ganas y la emoci\u00f3n por repetir la experiencia <i>granfonder<\/i>. Dada la proximidad de la cita, que ser\u00e1 el <b>domingo 4 de octubre<\/b>, y recordando que el a\u00f1o pasado fueron muchos los que quedaron a las puertas al cubrirse el l\u00edmite de plazas, <strong>desde la organizaci\u00f3n animan a los \u00faltimos rezagados a aprovechar los precios normales de inscripci\u00f3n<\/strong>, que se encarecer\u00e1n a partir del pr\u00f3ximo 7 de septiembre.<\/p>\n<p class=\"p5\" style=\"text-align: justify;\"><span class=\"s1\">Dos distancias (<b>Gran Fondo, 160km<\/b> y <b>Medio Fondo, 107km<\/b>), una ruta con espectaculares paisajes, todos los avituallamientos y atenciones necesarias al <i>granfonder<\/i>, as\u00ed como garant\u00edas de seguridad para una experiencia completa son algunos de los principales puntos que caracterizan a una marcha convertida ya en referente del <b>cicloturismo<\/b> en la comarca tarraconense. <\/span><\/p>\n<p class=\"p5\" style=\"text-align: justify;\"><span class=\"s1\">El registro se puede realizar a trav\u00e9s de la propia p\u00e1gina web de la marcha (<a href=\"http:\/\/granfondotarragona.com\" rel=\"nofollow noopener\" target=\"_blank\"><span class=\"s2\">http:\/\/granfondotarragona.com<\/span><\/a>) con precios que var\u00edan entre los <b>35\u20ac de la Medio Fondo<\/b> (107km) y los <b>40\u20ac de la Gran Fondo<\/b> (160km) para aquellos que se inscriban antes del 7 de septiembre. A este precio han de sum\u00e1rsele los 5\u20ac del seguro en caso de aquellos participantes que no est\u00e9n federados. El plazo de inscripciones se cerrar\u00e1 el d\u00eda <b>20 de septiembre<\/b>. As\u00ed mismo, est\u00e1 vigente una oferta especial del <b>15% de descuento<\/b> para inscripciones por grupos de m\u00e1s de 10 personas. <\/span><\/p>\n<p class=\"p7\" style=\"text-align: justify;\"><span class=\"s1\"><b>UNA PRUEBA ORGANIZADA CON \u201cILUSI\u00d3N\u201d<\/b><\/span><\/p>\n<p class=\"p5\" style=\"text-align: justify;\"><span class=\"s1\">\u201cComo ciclista y conocedor de Tarragona, mi ciudad, sab\u00eda de las necesidades de los ciclistas. Por eso hemos apostado por <b>Gran Fondo Tarragona<\/b>, una marcha cicloturista con dos distancias y todo lo necesario en cuanto a avituallamientos, servicio t\u00e9cnico, seguridad\u2026\u201d, explica Marc Mart\u00ednez, director deportivo de la prueba, quien destaca la \u201cilusi\u00f3n\u201d con la que se organiza esta segunda edici\u00f3n y el deseo de que todos los participantes se lleven \u201cun gran recuerdo de recorridos, paisajes, atenci\u00f3n\u2026 una gran experiencia\u201d en definitiva.<\/span><\/p>\n<p class=\"p5\" style=\"text-align: justify;\"><span class=\"s1\">Tal y como afirma Marc Mart\u00ednez, desde <b>Gran Fondo Tarragona<\/b> han querido \u201cofrecer al participante la posibilidad de salir de las playas de una gran ciudad como Tarragona y llegar al punto m\u00e1s alto de la provincia como es la poblaci\u00f3n de Prades, y volver a la playa para terminar de pasar una inolvidable jornada de ciclismo\u201d. El objetivo principal de la organizaci\u00f3n es que \u201clos participantes disfruten del recorrido, que est\u00e1 elegido con especial cari\u00f1o\u201d y que vivan, en definitiva, \u201cuna gran experiencia nacida de la ilusi\u00f3n\u201d.<\/span><\/p>\n<p class=\"p5\" style=\"text-align: justify;\"><span class=\"s1\">La celebraci\u00f3n de Gran Fondo Tarragona contribuye a enfatizar el car\u00e1cter \u2018sport friendly\u2019 de la ciudad de Tarragona, a la que pone en el punto de mira como \u201cdestino tur\u00edstico deportivo\u201d, tal y como se ha destacado desde el Ayuntamiento de la ciudad tarraconense, que ser\u00e1 sede de los Juegos del Mediterr\u00e1neo en 2017.<\/span><\/p>\n<p class=\"p5\" style=\"text-align: justify;\"><a class=\"vc_btn vc_btn-default vc_btn-sm vc_btn_square \" href=\"http:\/\/granfondotarragona.com\" rel=\"nofollow noopener\" target=\"_blank\">WEB OFICIAL<\/a><\/p>\n<p class=\"p5\" style=\"text-align: justify;\"><span class=\"s1\"><b>XALENX, PASI\u00d3N POR EL DEPORTE<\/b><\/span><\/p>\n<p class=\"p5\" style=\"text-align: justify;\"><span class=\"s1\">La <b>Gran Fondo Tarragona<\/b> est\u00e1 organizadas por Xalenx, organizaci\u00f3n especializada en eventos deportivos y responsable de citas de tan alto nivel como Gran Fondo Barcelona, entre otros.<\/span><\/p>\n<p class=\"p5\" style=\"text-align: justify;\"><span class=\"s1\">Con el deporte como alternativa a la pr\u00e1ctica del turismo activo como filosof\u00eda, Xalenx ofrece un servicio de gesti\u00f3n integral enfocado al objetivo final de garantizar el cuidado de los deportistas para el disfrute m\u00e1ximo de su pasi\u00f3n: trail running, triatl\u00f3n, BTT, ciclismo\u2026<\/span><\/p>\n","protected":false},"excerpt":{"rendered":"<p>Los preparativos de la Gran Fondo Tarragona entran en su recta final. A un mes escaso de la marcha cicloturista por excelencia de la ciudad romana, ya se palpan las ganas y la emoci\u00f3n por repetir la experiencia granfonder. Dada la proximidad de la cita, que ser\u00e1 el domingo 4 de octubre, y recordando que [&hellip;]<\/p>\n","protected":false},"author":6,"featured_media":38043,"comment_status":"open","ping_status":"open","sticky":false,"template":"","format":"standard","meta":{"_acf_changed":false,"rank_math_lock_modified_date":false,"footnotes":""},"categories":[2833],"tags":[111,2063,3433,944,3516],"class_list":{"0":"post-38042","1":"post","2":"type-post","3":"status-publish","4":"format-standard","5":"has-post-thumbnail","7":"category-cicloturismo","8":"tag-ciclismo","9":"tag-cicloturismo","10":"tag-gran-fondo-tarragona","11":"tag-tarragona","12":"tag-xalenx"},"acf":[],"_links":{"self":[{"href":"https:\/\/miurltemporal.com/main/triatletasenred.sport.es\/wp-json\/wp\/v2\/posts\/38042"}],"collection":[{"href":"https:\/\/miurltemporal.com/main/triatletasenred.sport.es\/wp-json\/wp\/v2\/posts"}],"about":[{"href":"https:\/\/miurltemporal.com/main/triatletasenred.sport.es\/wp-json\/wp\/v2\/types\/post"}],"author":[{"embeddable":true,"href":"https:\/\/miurltemporal.com/main/triatletasenred.sport.es\/wp-json\/wp\/v2\/users\/6"}],"replies":[{"embeddable":true,"href":"https:\/\/miurltemporal.com/main/triatletasenred.sport.es\/wp-json\/wp\/v2\/comments?post=38042"}],"version-history":[{"count":0,"href":"https:\/\/miurltemporal.com/main/triatletasenred.sport.es\/wp-json\/wp\/v2\/posts\/38042\/revisions"}],"wp:featuredmedia":[{"embeddable":true,"href":"https:\/\/miurltemporal.com/main/triatletasenred.sport.es\/wp-json\/wp\/v2\/media\/38043"}],"wp:attachment":[{"href":"https:\/\/miurltemporal.com/main/triatletasenred.sport.es\/wp-json\/wp\/v2\/media?parent=38042"}],"wp:term":[{"taxonomy":"category","embeddable":true,"href":"https:\/\/miurltemporal.com/main/triatletasenred.sport.es\/wp-json\/wp\/v2\/categories?post=38042"},{"taxonomy":"post_tag","embeddable":true,"href":"https:\/\/miurltemporal.com/main/triatletasenred.sport.es\/wp-json\/wp\/v2\/tags?post=38042"}],"curies":[{"name":"wp","href":"https:\/\/api.w.org\/{rel}","templated":true}]}}