{"id":38017,"date":"2015-09-02T07:24:52","date_gmt":"2015-09-02T05:24:52","guid":{"rendered":"http:\/\/triatletasenred.com\/?p=38017"},"modified":"2015-09-04T11:17:00","modified_gmt":"2015-09-04T09:17:00","slug":"triatlon-en-catalunya","status":"publish","type":"post","link":"https:\/\/miurltemporal.com/main/triatletasenred.sport.es\/actualidad\/triatlon-en-catalunya\/","title":{"rendered":"Tossa, Sant Pol de Mar y Vilanova i la Geltr\u00fa cierran la temporada de Catseries Catalunya"},"content":{"rendered":"<p>Tras pasar por Cunit (Tarragona) y Arenys de Mar (Barcelona) el pr\u00f3ximo 12 de septiembre el <a href=\"http:\/\/triseries.cat\/\" rel=\"nofollow noopener\" target=\"_blank\">circuito popular de triatl\u00f3n en Catalunya, CatSeries<\/a>, llega a la provincia de Girona, concretamente a la localidad de Tossa de Mar. La prueba que se disputar\u00e1 en horario de tarde, es la \u00fanica del circuito que presenta distancia ol\u00edmpica en un circuito exigente y espectacular con unas excepcionales vistas a la costa brava. &nbsp;El circuito de carrera a pie por la calles y el paseo de la Villa marinera son otro atractivo para cautivar al triatleta. A fecha de hoy quedan las \u00faltimas plazas para ambas distancias.<\/p>\n<p>Una semana m\u00e1s tarde, el 20 de septiembre, ser\u00e1 el turno para Sant Pol de Mar y el 11 de octubre, un cl\u00e1sico del calendario catal\u00e1n, el Triatl\u00f3 de Ciutat de Vilanova que ser\u00e1 la \u00faltima prueba del circuito y que pr\u00e1cticamente acaba con la temporada de triatl\u00f3n en Catalunya.<\/p>\n<p>Todas las pruebas de CatSeries cuentan con servicio de masaje post carrera, asistencia mec\u00e1nica, avituallamiento final e incluso un plan de entrenamientos gratuito si lo necesitas.<\/p>\n<p>Para m\u00e1s informaci\u00f3n e inscripiciones :<\/p>\n<a class=\"vc_btn vc_btn-default vc_btn-sm vc_btn_square \" href=\"http:\/\/12%20setembre%20CatSeries%20Tossa%20de%20Mar\" rel=\"nofollow\" target=\"_blank\">http:\/\/triseries.cat\/tossa-de-mar\/<\/a>\n<a class=\"vc_btn vc_btn-default vc_btn-sm vc_btn_square \" href=\"http:\/\/20%20setembre%20CatSeries%20Sant%20Pol%20de%20Mar\" rel=\"nofollow\" target=\"_blank\">http:\/\/triseries.cat\/sant-pol-de-mar\/<\/a>\n<a class=\"vc_btn vc_btn-default vc_btn-sm vc_btn_square \" href=\"http:\/\/triseries.cat\/vilanova-i-la-geltru\/\" rel=\"nofollow noopener\" target=\"_blank\">11 octubre CatSeries Vilanova<\/a>\n<p>&nbsp;<\/p>\n","protected":false},"excerpt":{"rendered":"<p>Tras pasar por Cunit (Tarragona) y Arenys de Mar (Barcelona) el pr\u00f3ximo 12 de septiembre el circuito popular de triatl\u00f3n en Catalunya, CatSeries, llega a la provincia de Girona, concretamente a la localidad de Tossa de Mar. La prueba que se disputar\u00e1 en horario de tarde, es la \u00fanica del circuito que presenta distancia ol\u00edmpica [&hellip;]<\/p>\n","protected":false},"author":6,"featured_media":38022,"comment_status":"open","ping_status":"open","sticky":false,"template":"","format":"standard","meta":{"_acf_changed":false,"rank_math_lock_modified_date":false,"footnotes":""},"categories":[17,1191],"tags":[1990,3616,979,1084,720,24,1909],"class_list":{"0":"post-38017","1":"post","2":"type-post","3":"status-publish","4":"format-standard","5":"has-post-thumbnail","7":"category-actualidad","8":"category-triatlon","9":"tag-catalunya","10":"tag-catseries","11":"tag-sant-pol-de-mar","12":"tag-tossa-de-mar","13":"tag-triatlo","14":"tag-triatlon","15":"tag-vilanova"},"acf":[],"_links":{"self":[{"href":"https:\/\/miurltemporal.com/main/triatletasenred.sport.es\/wp-json\/wp\/v2\/posts\/38017"}],"collection":[{"href":"https:\/\/miurltemporal.com/main/triatletasenred.sport.es\/wp-json\/wp\/v2\/posts"}],"about":[{"href":"https:\/\/miurltemporal.com/main/triatletasenred.sport.es\/wp-json\/wp\/v2\/types\/post"}],"author":[{"embeddable":true,"href":"https:\/\/miurltemporal.com/main/triatletasenred.sport.es\/wp-json\/wp\/v2\/users\/6"}],"replies":[{"embeddable":true,"href":"https:\/\/miurltemporal.com/main/triatletasenred.sport.es\/wp-json\/wp\/v2\/comments?post=38017"}],"version-history":[{"count":0,"href":"https:\/\/miurltemporal.com/main/triatletasenred.sport.es\/wp-json\/wp\/v2\/posts\/38017\/revisions"}],"wp:featuredmedia":[{"embeddable":true,"href":"https:\/\/miurltemporal.com/main/triatletasenred.sport.es\/wp-json\/wp\/v2\/media\/38022"}],"wp:attachment":[{"href":"https:\/\/miurltemporal.com/main/triatletasenred.sport.es\/wp-json\/wp\/v2\/media?parent=38017"}],"wp:term":[{"taxonomy":"category","embeddable":true,"href":"https:\/\/miurltemporal.com/main/triatletasenred.sport.es\/wp-json\/wp\/v2\/categories?post=38017"},{"taxonomy":"post_tag","embeddable":true,"href":"https:\/\/miurltemporal.com/main/triatletasenred.sport.es\/wp-json\/wp\/v2\/tags?post=38017"}],"curies":[{"name":"wp","href":"https:\/\/api.w.org\/{rel}","templated":true}]}}