{"id":37783,"date":"2015-08-19T07:56:39","date_gmt":"2015-08-19T05:56:39","guid":{"rendered":"http:\/\/triatletasenred.com\/?p=37783"},"modified":"2015-08-19T08:48:09","modified_gmt":"2015-08-19T06:48:09","slug":"tapering","status":"publish","type":"post","link":"https:\/\/miurltemporal.com/main/triatletasenred.sport.es\/triatlon-salud\/tapering\/","title":{"rendered":"Tapering, ese eterno rompecabezas"},"content":{"rendered":"<p style=\"text-align: justify;\">\u201c Tapering \u201d es una de las palabras m\u00e1s populares entre los atletas de resistencia. Que tire la primera piedra aquel que nunca la haya utilizado\u2026 pocos, \u00bfno? Desde mi humilde opini\u00f3n me gustar\u00eda quitar hierro a tal concepto y explicar algunas dudas que puedan surgir.<\/p>\n<p style=\"text-align: justify;\">\u00a0\u201cTapering\u201d no deja de ser el concepto de disminuir la carga de entrenamientos los d\u00edas previos a una competici\u00f3n.<\/p>\n<p style=\"text-align: justify;\">\u00a0Nadie tiene la barita m\u00e1gica en este fabuloso mundo que es el rendimiento deportivo as\u00ed que no hay unas bases consolidadas, por lo que la aplicaci\u00f3n del \u201ctapering\u201d tiene infinitas posibilidades\u2026<\/p>\n<p style=\"text-align: justify;\">\u00a0A priori tiene sentido disminuir la carga de trabajo los d\u00edas previos a una competici\u00f3n importante. La idea no es otra que el cuerpo asimile todo el trabajo hecho con anterioridad y llegue lo m\u00e1s descansado posible a la competici\u00f3n. Aqu\u00ed empieza el verdadero rompecabezas del \u201ctapering\u201d.<\/p>\n<p style=\"text-align: justify;\">\u00bfCu\u00e1nto tiempo antes hay que empezar a descender la carga? \u00bfDe qu\u00e9 manera? En el caso del triatl\u00f3n, \u00bfhay que reducir las tres disciplinas de la misma manera?&#8230; Y as\u00ed podr\u00edamos estar todo el art\u00edculo formulando preguntas que por suerte o desgracia para algunos no tienen una respuesta categ\u00f3rica.<\/p>\n<p style=\"text-align: justify;\">\u00a0He le\u00eddo mucho sobre el tema en cuesti\u00f3n, expertos del entrenamiento como Sutton, Friel o Filliol han debatido sobre el tema numerosas veces y, como ya dije antes, si cogemos10 entrenadores al azar, dif\u00edcilmente coincidir\u00edan en varios puntos a cerca del famoso \u201ctapering\u201d.<\/p>\n<figure style=\"width: 156px\" class=\"wp-caption alignleft\"><a href=\"triatletasenred.com\"><img decoding=\"async\" class=\"\" src=\"http:\/\/1.bp.blogspot.com\/_rRg8Im7KCvs\/Sdy9b_XT3YI\/AAAAAAAAAAc\/vkDcOnIrRN0\/S220\/cropped_0111.jpg\" alt=\"Joe Friel\" width=\"156\" height=\"220\" \/><\/a><figcaption class=\"wp-caption-text\">Joe Friel<\/figcaption><\/figure>\n<p style=\"text-align: justify;\"><a href=\"http:\/\/joefriel.typepad.com\/\" rel=\"nofollow noopener\" target=\"_blank\">Joe Friel<\/a>, ha escrito mucho sobre el tema y en su nomenclatura de entrenos, su \u00faltima semana de carga propiamente dicha se sit\u00faa a 4 semanas del d\u00eda D. Esto no quiere decir que todo el mes que le precede sea de descanso total pero s\u00ed que se evidencia un claro descenso de actividad, sobretodo a nivel de volumen. Tras una semana de descanso, la idea, seg\u00fan Friel es meter 2 semanas con un descenso importante de volumen y un aumento de la intensidad para ganar frescura pero no perder el estado de forma. La \u00faltima semana, la de la carrera ya si que es una semana m\u00e1s de descanso propiamente dicha realizando sesiones muy cortas pero intensas para mantener el cuerpo \u201cdespierto\u201d.<\/p>\n<p style=\"text-align: justify;\">L\u00f3gicamente <a href=\"http:\/\/joefriel.typepad.com\/\" rel=\"nofollow noopener\" target=\"_blank\">Friel<\/a> matiza que esto es solo una pauta y que no va a funcionar de la misma manera a todos. Habr\u00e1 quien no necesite tanto tiempo, habr\u00e1 quien necesite seguir con vol\u00famenes hasta una semana antes\u2026 pero dudo que nadie necesite m\u00e1s tiempo de descanso\u2026<\/p>\n<p style=\"text-align: justify;\">Sin embargo, un aspecto en el que casi todos coinciden y me parece muy razonable es el hecho de descansar en funci\u00f3n de lo que hayas entrenado durante todo el tiempo de preparaci\u00f3n. Si has entrenado mucho y bien, tal vez bajar la carga antes que alguien que ha entrenado poco ser\u00eda una buena idea. Si has entrenado poco, desperdiciar las \u00faltimas semanas con mucho descanso no tendr\u00eda sentido bajo mi punto de vista. Si por el contrario has entrenado mucho, seguramente el cuerpo necesitar\u00e1 de un descanso m\u00e1s largo para llegara tope el gran d\u00eda. Sin malinterpretar mis palabras, un atleta profesional deber\u00eda \u201cdescansar\u201d (l\u00e9ase como descanso activo) m\u00e1s que un amateur que ha entrenado muchas menos horas y a intensidades m\u00e1s bajas.<\/p>\n<p style=\"text-align: justify;\">Como ya dec\u00eda antes, cada maestrillo tiene su librillo y, habr\u00e1 quien a pesar de toda la carga elevada no descansar\u00e1 a penas pues no lo necesita para mantener su nivel de forma alto.<\/p>\n<p style=\"text-align: justify;\">El \u201ctapering\u201d es una arma de doble filo. No por descansar m\u00e1s se har\u00e1 una mejor carrera. A pesar de lo que algunos puedan creer, el \u201ctapering\u201d no hace milagros\u2026 si has entrenado bien, y haces un buen descenso de los entrenos con sentido, hay muchos n\u00fameros de que hagas una buena carrera.<\/p>\n<p style=\"text-align: justify;\">Otra cosa que quer\u00eda destacar para que no queden dudas es que descansar no es estar tumbado en el sof\u00e1 todo el d\u00eda\u2026 No tendr\u00eda sentido alguno preparar tu cuerpo durante meses para ponerte a descansar de tal forma antes de haber competido\u2026 lo m\u00e1s normal ser\u00e1 perder todo el buen nivel de forma obtenido y no creo que alguien quiera eso.<\/p>\n<p style=\"text-align: justify;\">A lo largo de los 7 a\u00f1os que llevo compitiendo en triatl\u00f3n he encarado las carreras importantes de maneras muy distintas. En algunas, por ignorancia, descans\u00e9 mucho, en otras, poco o nada por aquello de no tener claro c\u00f3mo iba a llegar al d\u00eda D\u2026 y en algunas otras, he hecho el \u201ctapering\u201d que creo adecuado para mis caracter\u00edsticas y las cosas han funcionado bien.<\/p>\n<p style=\"text-align: justify;\">En menos de 3 semanas afronto mi novena distancia Ironman y como en las anteriores, el \u201ctapering\u201d estar\u00e1 presente en estos \u00faltimos coletazos antes de la carrera pero siendo consciente que mi preparaci\u00f3n este a\u00f1o ha sido la mejor de todas con diferencia por lo que habr\u00e1 que hacer cosas distintas para que todo salga como esperamos.<\/p>\n<p style=\"text-align: justify;\">\u00a1Saludos!<\/p>\n<div id=\"fb-root\"><\/div>\n<p><script>\/\/ <![CDATA[\n(function(d, s, id) {  var js, fjs = d.getElementsByTagName(s)[0];  if (d.getElementById(id)) return;  js = d.createElement(s); js.id = id;  js.src = \"https:\/\/connect.facebook.net\/ca_ES\/sdk.js#xfbml=1&#038;version=v2.3\";  fjs.parentNode.insertBefore(js, fjs);}(document, 'script', 'facebook-jssdk'));\n\/\/ ]]><\/script><\/p>\n<div class=\"fb-video\" data-allowfullscreen=\"1\" data-href=\"https:\/\/www.facebook.com\/video.php?v=941074425933693&amp;set=vb.296158560425286&amp;type=1\">\n<div class=\"fb-xfbml-parse-ignore\">\n<blockquote cite=\"https:\/\/www.facebook.com\/video.php?v=941074425933693\"><p><a href=\"https:\/\/www.facebook.com\/video.php?v=941074425933693\" rel=\"nofollow noopener\" target=\"_blank\">2016 Ceepo Viper<\/a>The wait is over&#8230;introducing the new 2016 Ceepo Viper!<\/p>\n<p>Posted by <a href=\"https:\/\/www.facebook.com\/ceepobike\" rel=\"nofollow noopener\" target=\"_blank\">CEEPO Triathlon Bikes<\/a> on divendres, 14 \/ agost \/ 2015<\/p><\/blockquote>\n<\/div>\n<\/div>\n","protected":false},"excerpt":{"rendered":"<p>Tapering es una de las palabras m\u00e1s populares entre los atletas de resistencia. Que tire la primera piedra aquel que nunca la haya utilizado\u2026 pocos, \u00bfno?<\/p>\n","protected":false},"author":259,"featured_media":37481,"comment_status":"open","ping_status":"open","sticky":false,"template":"","format":"standard","meta":{"_acf_changed":false,"rank_math_lock_modified_date":false,"footnotes":""},"categories":[17,9],"tags":[802,3585,3584,3583,3357,3582],"class_list":{"0":"post-37783","1":"post","2":"type-post","3":"status-publish","4":"format-standard","5":"has-post-thumbnail","7":"category-actualidad","8":"category-triatlon-salud","9":"tag-entrenamiento-triatlon","10":"tag-filliol","11":"tag-friel","12":"tag-sutton","13":"tag-tapering","14":"tag-vicenc-castella"},"acf":[],"_links":{"self":[{"href":"https:\/\/miurltemporal.com/main/triatletasenred.sport.es\/wp-json\/wp\/v2\/posts\/37783"}],"collection":[{"href":"https:\/\/miurltemporal.com/main/triatletasenred.sport.es\/wp-json\/wp\/v2\/posts"}],"about":[{"href":"https:\/\/miurltemporal.com/main/triatletasenred.sport.es\/wp-json\/wp\/v2\/types\/post"}],"author":[{"embeddable":true,"href":"https:\/\/miurltemporal.com/main/triatletasenred.sport.es\/wp-json\/wp\/v2\/users\/259"}],"replies":[{"embeddable":true,"href":"https:\/\/miurltemporal.com/main/triatletasenred.sport.es\/wp-json\/wp\/v2\/comments?post=37783"}],"version-history":[{"count":0,"href":"https:\/\/miurltemporal.com/main/triatletasenred.sport.es\/wp-json\/wp\/v2\/posts\/37783\/revisions"}],"wp:featuredmedia":[{"embeddable":true,"href":"https:\/\/miurltemporal.com/main/triatletasenred.sport.es\/wp-json\/wp\/v2\/media\/37481"}],"wp:attachment":[{"href":"https:\/\/miurltemporal.com/main/triatletasenred.sport.es\/wp-json\/wp\/v2\/media?parent=37783"}],"wp:term":[{"taxonomy":"category","embeddable":true,"href":"https:\/\/miurltemporal.com/main/triatletasenred.sport.es\/wp-json\/wp\/v2\/categories?post=37783"},{"taxonomy":"post_tag","embeddable":true,"href":"https:\/\/miurltemporal.com/main/triatletasenred.sport.es\/wp-json\/wp\/v2\/tags?post=37783"}],"curies":[{"name":"wp","href":"https:\/\/api.w.org\/{rel}","templated":true}]}}