{"id":37708,"date":"2015-08-16T18:42:28","date_gmt":"2015-08-16T16:42:28","guid":{"rendered":"http:\/\/triatletasenred.com\/?p=37708"},"modified":"2015-08-16T18:42:28","modified_gmt":"2015-08-16T16:42:28","slug":"uxio-abuin-quinto-en-la-copa-de-europa-de-egirdir","status":"publish","type":"post","link":"https:\/\/miurltemporal.com/main/triatletasenred.sport.es\/actualidad\/uxio-abuin-quinto-en-la-copa-de-europa-de-egirdir\/","title":{"rendered":"Uxio Abu\u00edn, quinto en la Copa de Europa de Egirdir"},"content":{"rendered":"<p style=\"text-align: justify;\">El gallego Uxio Abu\u00edn ha logrado la quinta posici\u00f3n en la Copa de Europa de Egirdir, disputada este domingo en Turqu\u00eda. En una semana complicada para salud y tras disputar el Grand Prix de Embrunman, Abu\u00edn viaj\u00f3 a Egirdir, donde ha logrado la quinta posici\u00f3n. &#8220;<em>Quinto en la ECup de Egirdir! Toc\u00f3 sufrir mucho&#8230;los viajes de estos dias y la infecci\u00f3n me han dejado KO! A recuperar!<\/em>&#8221; escrib\u00eda en su cuenta de Twitter tras la competici\u00f3n.<\/p>\n<p><a href=\"https:\/\/miurltemporal.com/main/triatletasenred.sport.es\/wp-content\/uploads\/banner-viator-triatlon-1.gif\"><img fetchpriority=\"high\" decoding=\"async\" class=\"wp-image-36383 aligncenter\" src=\"https:\/\/miurltemporal.com/main/triatletasenred.sport.es\/wp-content\/uploads\/banner-viator-triatlon-1.gif\" alt=\"banner-viator-triatlon-1\" width=\"416\" height=\"208\" \/><\/a><\/p>\n","protected":false},"excerpt":{"rendered":"<p>El gallego Ux\u00edo Abu\u00edn ha finalizado quinto en la Copa de Europa de Egirdir, disputada este domingo en Turqu\u00eda.<\/p>\n","protected":false},"author":12,"featured_media":37710,"comment_status":"open","ping_status":"open","sticky":false,"template":"","format":"standard","meta":{"_acf_changed":false,"rank_math_lock_modified_date":false,"footnotes":""},"categories":[17,19,1191],"tags":[],"class_list":{"0":"post-37708","1":"post","2":"type-post","3":"status-publish","4":"format-standard","5":"has-post-thumbnail","7":"category-actualidad","8":"category-competiciones","9":"category-triatlon"},"acf":[],"_links":{"self":[{"href":"https:\/\/miurltemporal.com/main/triatletasenred.sport.es\/wp-json\/wp\/v2\/posts\/37708"}],"collection":[{"href":"https:\/\/miurltemporal.com/main/triatletasenred.sport.es\/wp-json\/wp\/v2\/posts"}],"about":[{"href":"https:\/\/miurltemporal.com/main/triatletasenred.sport.es\/wp-json\/wp\/v2\/types\/post"}],"author":[{"embeddable":true,"href":"https:\/\/miurltemporal.com/main/triatletasenred.sport.es\/wp-json\/wp\/v2\/users\/12"}],"replies":[{"embeddable":true,"href":"https:\/\/miurltemporal.com/main/triatletasenred.sport.es\/wp-json\/wp\/v2\/comments?post=37708"}],"version-history":[{"count":0,"href":"https:\/\/miurltemporal.com/main/triatletasenred.sport.es\/wp-json\/wp\/v2\/posts\/37708\/revisions"}],"wp:featuredmedia":[{"embeddable":true,"href":"https:\/\/miurltemporal.com/main/triatletasenred.sport.es\/wp-json\/wp\/v2\/media\/37710"}],"wp:attachment":[{"href":"https:\/\/miurltemporal.com/main/triatletasenred.sport.es\/wp-json\/wp\/v2\/media?parent=37708"}],"wp:term":[{"taxonomy":"category","embeddable":true,"href":"https:\/\/miurltemporal.com/main/triatletasenred.sport.es\/wp-json\/wp\/v2\/categories?post=37708"},{"taxonomy":"post_tag","embeddable":true,"href":"https:\/\/miurltemporal.com/main/triatletasenred.sport.es\/wp-json\/wp\/v2\/tags?post=37708"}],"curies":[{"name":"wp","href":"https:\/\/api.w.org\/{rel}","templated":true}]}}