{"id":37702,"date":"2015-08-16T13:02:37","date_gmt":"2015-08-16T11:02:37","guid":{"rendered":"http:\/\/triatletasenred.com\/?p=37702"},"modified":"2015-08-16T13:02:37","modified_gmt":"2015-08-16T11:02:37","slug":"javi-gomez-noya-vence-en-la-travesia-de-moana","status":"publish","type":"post","link":"https:\/\/miurltemporal.com/main/triatletasenred.sport.es\/actualidad\/javi-gomez-noya-vence-en-la-travesia-de-moana\/","title":{"rendered":"Javi G\u00f3mez Noya vence en la Traves\u00eda de Moa\u00f1a"},"content":{"rendered":"<p style=\"text-align: justify;\">El\u00a0actual\u00a0campe\u00f3n del mundo de triatl\u00f3n ITU en distancia ol\u00edmpica sigue en Galicia preparando el final de temporada. Este fin de semana compiti\u00f3 en la Traves\u00eda de Moa\u00f1a, donde venci\u00f3 con autoridad por delante de sus compa\u00f1eros de entrenamiento Pablo Dapena y Vicente Hern\u00e1ndez. Javi G\u00f3mez Noya, que el viernes estuvo grabando para el nuevo disco de Malkeda, afina su puesta a punto para las carreras que definir\u00e1n al nuevo campe\u00f3n de las Series Mundiales.<\/p>\n","protected":false},"excerpt":{"rendered":"<p>El gallego Javi G\u00f3mez Noya se llev\u00f3 la victoria en la Traves\u00eda de Moa\u00f1a, disputada este s\u00e1bado. Pablo Dapena y Vicente Hern\u00e1ndez le acompa\u00f1aron en el podio.<\/p>\n","protected":false},"author":12,"featured_media":37706,"comment_status":"open","ping_status":"open","sticky":false,"template":"","format":"standard","meta":{"_acf_changed":false,"rank_math_lock_modified_date":false,"footnotes":""},"categories":[17,19,1191],"tags":[],"class_list":{"0":"post-37702","1":"post","2":"type-post","3":"status-publish","4":"format-standard","5":"has-post-thumbnail","7":"category-actualidad","8":"category-competiciones","9":"category-triatlon"},"acf":[],"_links":{"self":[{"href":"https:\/\/miurltemporal.com/main/triatletasenred.sport.es\/wp-json\/wp\/v2\/posts\/37702"}],"collection":[{"href":"https:\/\/miurltemporal.com/main/triatletasenred.sport.es\/wp-json\/wp\/v2\/posts"}],"about":[{"href":"https:\/\/miurltemporal.com/main/triatletasenred.sport.es\/wp-json\/wp\/v2\/types\/post"}],"author":[{"embeddable":true,"href":"https:\/\/miurltemporal.com/main/triatletasenred.sport.es\/wp-json\/wp\/v2\/users\/12"}],"replies":[{"embeddable":true,"href":"https:\/\/miurltemporal.com/main/triatletasenred.sport.es\/wp-json\/wp\/v2\/comments?post=37702"}],"version-history":[{"count":0,"href":"https:\/\/miurltemporal.com/main/triatletasenred.sport.es\/wp-json\/wp\/v2\/posts\/37702\/revisions"}],"wp:featuredmedia":[{"embeddable":true,"href":"https:\/\/miurltemporal.com/main/triatletasenred.sport.es\/wp-json\/wp\/v2\/media\/37706"}],"wp:attachment":[{"href":"https:\/\/miurltemporal.com/main/triatletasenred.sport.es\/wp-json\/wp\/v2\/media?parent=37702"}],"wp:term":[{"taxonomy":"category","embeddable":true,"href":"https:\/\/miurltemporal.com/main/triatletasenred.sport.es\/wp-json\/wp\/v2\/categories?post=37702"},{"taxonomy":"post_tag","embeddable":true,"href":"https:\/\/miurltemporal.com/main/triatletasenred.sport.es\/wp-json\/wp\/v2\/tags?post=37702"}],"curies":[{"name":"wp","href":"https:\/\/api.w.org\/{rel}","templated":true}]}}