{"id":37693,"date":"2015-08-15T21:50:01","date_gmt":"2015-08-15T19:50:01","guid":{"rendered":"http:\/\/triatletasenred.com\/?p=37693"},"modified":"2015-08-15T22:02:48","modified_gmt":"2015-08-15T20:02:48","slug":"marcel-zamora-no-es-posible-ganar-cada-ano-volvere","status":"publish","type":"post","link":"https:\/\/miurltemporal.com/main/triatletasenred.sport.es\/en-red\/marcel-zamora-no-es-posible-ganar-cada-ano-volvere\/","title":{"rendered":"Marcel Zamora: &#8220;No es posible ganar cada a\u00f1o. Volver\u00e9&#8221;"},"content":{"rendered":"<p style=\"text-align: justify;\">En declaraciones recogidas por Trimax Hebdo al acabar la carrera, el catal\u00e1n Marcel Zamora ha valorado su quinta posici\u00f3n en Embrunman, la prueba que le ha convertido en leyenda. &#8220;Hoy no estoy contento por que no ha sido un buen d\u00eda para mi. Cuando empec\u00e9 a ascender el Izoard las malas sensaciones se apodararon de mis piernas&#8221; explicaba el catal\u00e1n, que reconoci\u00f3 que el abandono se le pas\u00f3 por la cabeza una y otra vez. &#8220;Nunca tuve buenas sensaciones en el cuerpo y la marat\u00f3n hoy se me hizo muy larga. Mi idea era parar, me he querido retirar mil veces, pero no puedo hacerlo con los \u00e1nimos del p\u00fablico franc\u00e9s y el trabajo de la organizaci\u00f3n&#8221; afirmaba.<\/p>\n<p style=\"text-align: justify;\">Zamora, que mantiene el r\u00e9cord de victorias igualado con Yves Cordier en Embrunman, afirm\u00f3 que en 2016 se tomar\u00e1 un descanso. &#8220;El pr\u00f3ximo a\u00f1o no vendr\u00e9 para que la mente descanse despu\u00e9s de tantos a\u00f1os aqu\u00ed, pero volver\u00e9. No es posible ganar cada a\u00f1o pero s\u00ed es posible que vuelva de nuevo&#8221; zanjaba nada m\u00e1s acabar la carrera.<\/p>\n<p style=\"text-align: justify;\"><a href=\"https:\/\/miurltemporal.com/main/triatletasenred.sport.es\/wp-content\/uploads\/Compressport2.jpg\"><img fetchpriority=\"high\" decoding=\"async\" class=\"alignnone size-full wp-image-35097\" src=\"https:\/\/miurltemporal.com/main/triatletasenred.sport.es\/wp-content\/uploads\/Compressport2.jpg\" alt=\"Compressport\" width=\"479\" height=\"105\" srcset=\"https:\/\/miurltemporal.com/main/triatletasenred.sport.es\/wp-content\/uploads\/Compressport2.jpg 479w, https:\/\/miurltemporal.com/main/triatletasenred.sport.es\/wp-content\/uploads\/Compressport2-300x65.jpg 300w\" sizes=\"(max-width: 479px) 100vw, 479px\" \/><\/a><\/p>\n","protected":false},"excerpt":{"rendered":"<p>Tras su quinta posici\u00f3n en Embrunman, Marcel Zamora confirm\u00f3 que no competir\u00e1 en la prueba en 2016 pero que volver\u00e1 m\u00e1s adelante.<\/p>\n","protected":false},"author":12,"featured_media":37694,"comment_status":"open","ping_status":"open","sticky":false,"template":"","format":"standard","meta":{"_acf_changed":false,"rank_math_lock_modified_date":false,"footnotes":""},"categories":[17,16,2033,1191],"tags":[],"class_list":{"0":"post-37693","1":"post","2":"type-post","3":"status-publish","4":"format-standard","5":"has-post-thumbnail","7":"category-actualidad","8":"category-en-red","9":"category-sport","10":"category-triatlon"},"acf":[],"_links":{"self":[{"href":"https:\/\/miurltemporal.com/main/triatletasenred.sport.es\/wp-json\/wp\/v2\/posts\/37693"}],"collection":[{"href":"https:\/\/miurltemporal.com/main/triatletasenred.sport.es\/wp-json\/wp\/v2\/posts"}],"about":[{"href":"https:\/\/miurltemporal.com/main/triatletasenred.sport.es\/wp-json\/wp\/v2\/types\/post"}],"author":[{"embeddable":true,"href":"https:\/\/miurltemporal.com/main/triatletasenred.sport.es\/wp-json\/wp\/v2\/users\/12"}],"replies":[{"embeddable":true,"href":"https:\/\/miurltemporal.com/main/triatletasenred.sport.es\/wp-json\/wp\/v2\/comments?post=37693"}],"version-history":[{"count":0,"href":"https:\/\/miurltemporal.com/main/triatletasenred.sport.es\/wp-json\/wp\/v2\/posts\/37693\/revisions"}],"wp:featuredmedia":[{"embeddable":true,"href":"https:\/\/miurltemporal.com/main/triatletasenred.sport.es\/wp-json\/wp\/v2\/media\/37694"}],"wp:attachment":[{"href":"https:\/\/miurltemporal.com/main/triatletasenred.sport.es\/wp-json\/wp\/v2\/media?parent=37693"}],"wp:term":[{"taxonomy":"category","embeddable":true,"href":"https:\/\/miurltemporal.com/main/triatletasenred.sport.es\/wp-json\/wp\/v2\/categories?post=37693"},{"taxonomy":"post_tag","embeddable":true,"href":"https:\/\/miurltemporal.com/main/triatletasenred.sport.es\/wp-json\/wp\/v2\/tags?post=37693"}],"curies":[{"name":"wp","href":"https:\/\/api.w.org\/{rel}","templated":true}]}}