{"id":37683,"date":"2015-08-15T20:06:43","date_gmt":"2015-08-15T18:06:43","guid":{"rendered":"http:\/\/triatletasenred.com\/?p=37683"},"modified":"2015-08-15T20:06:43","modified_gmt":"2015-08-15T18:06:43","slug":"uxio-abuin-en-la-copa-de-europa-de-egirdir","status":"publish","type":"post","link":"https:\/\/miurltemporal.com/main/triatletasenred.sport.es\/actualidad\/uxio-abuin-en-la-copa-de-europa-de-egirdir\/","title":{"rendered":"Ux\u00edo Abu\u00edn, en la Copa de Europa de Egirdir"},"content":{"rendered":"<p style=\"text-align: justify;\">El gallego Ux\u00edo Abu\u00edn compite este domingo (13h hora espa\u00f1ola) en la Copa de Europa de Egirdir, que se celebra en Turqu\u00eda. Ser\u00e1 el \u00fanico espa\u00f1ol en competici\u00f3n tras las bajas de Albert Parre\u00f1o, Nan Oliveras y Anna Flaquer, inicialmente inscritos en carrera. Danylo Sapunov, Andrea Secchiero o Vladimir\u00a0Turbayevskiy, entre los candidatos. &#8220;Bonito lugar Egirdir! Por la ma\u00f1ana paseillo, por la tarde reconocimiento del circuito y ma\u00f1ana a competir! Vamos!&#8221; escrib\u00eda Abu\u00edn en su cuenta de Twitter. La prueba tendr\u00e1 salida a las 13h del domingo y se disputa sobre distancia sprint. Ux\u00edo Abu\u00edn llega tras finalizar en el puesto 44 en el GP de Embr\u00fan.<\/p>\n","protected":false},"excerpt":{"rendered":"<p>El gallego Ux\u00edo Abu\u00edn compite este domingo en la Copa de Europa de Egirdir. Es el \u00fanico espa\u00f1ol en competici\u00f3n este fin de semana.<\/p>\n","protected":false},"author":12,"featured_media":37690,"comment_status":"open","ping_status":"open","sticky":false,"template":"","format":"standard","meta":{"_acf_changed":false,"rank_math_lock_modified_date":false,"footnotes":""},"categories":[17,19,1191],"tags":[],"class_list":{"0":"post-37683","1":"post","2":"type-post","3":"status-publish","4":"format-standard","5":"has-post-thumbnail","7":"category-actualidad","8":"category-competiciones","9":"category-triatlon"},"acf":[],"_links":{"self":[{"href":"https:\/\/miurltemporal.com/main/triatletasenred.sport.es\/wp-json\/wp\/v2\/posts\/37683"}],"collection":[{"href":"https:\/\/miurltemporal.com/main/triatletasenred.sport.es\/wp-json\/wp\/v2\/posts"}],"about":[{"href":"https:\/\/miurltemporal.com/main/triatletasenred.sport.es\/wp-json\/wp\/v2\/types\/post"}],"author":[{"embeddable":true,"href":"https:\/\/miurltemporal.com/main/triatletasenred.sport.es\/wp-json\/wp\/v2\/users\/12"}],"replies":[{"embeddable":true,"href":"https:\/\/miurltemporal.com/main/triatletasenred.sport.es\/wp-json\/wp\/v2\/comments?post=37683"}],"version-history":[{"count":0,"href":"https:\/\/miurltemporal.com/main/triatletasenred.sport.es\/wp-json\/wp\/v2\/posts\/37683\/revisions"}],"wp:featuredmedia":[{"embeddable":true,"href":"https:\/\/miurltemporal.com/main/triatletasenred.sport.es\/wp-json\/wp\/v2\/media\/37690"}],"wp:attachment":[{"href":"https:\/\/miurltemporal.com/main/triatletasenred.sport.es\/wp-json\/wp\/v2\/media?parent=37683"}],"wp:term":[{"taxonomy":"category","embeddable":true,"href":"https:\/\/miurltemporal.com/main/triatletasenred.sport.es\/wp-json\/wp\/v2\/categories?post=37683"},{"taxonomy":"post_tag","embeddable":true,"href":"https:\/\/miurltemporal.com/main/triatletasenred.sport.es\/wp-json\/wp\/v2\/tags?post=37683"}],"curies":[{"name":"wp","href":"https:\/\/api.w.org\/{rel}","templated":true}]}}