{"id":37681,"date":"2015-08-15T17:52:06","date_gmt":"2015-08-15T15:52:06","guid":{"rendered":"http:\/\/triatletasenred.com\/?p=37681"},"modified":"2015-08-15T17:59:43","modified_gmt":"2015-08-15T15:59:43","slug":"roger-serrano-tercero-en-xterra-germany","status":"publish","type":"post","link":"https:\/\/miurltemporal.com/main/triatletasenred.sport.es\/actualidad\/roger-serrano-tercero-en-xterra-germany\/","title":{"rendered":"Roger Serrano, tercero en XTERRA Germany"},"content":{"rendered":"<p style=\"text-align: justify;\">Tras proclamarse campe\u00f3n del XTERRA European Tour en Rep\u00fablica Checa, Roger Serrano ha logrado este s\u00e1bado en Alemania la tercera posici\u00f3n en una carrera que se ha decidido en el sprint final. El sudafricano Ben Allen ha logrado la victoria en un apretado final ante Bradley Weiss, mientras que Serrano ha completado el podio del XTERRA Germany por delante de Francesco Carloni, que ha entrado cuarto en meta. El otro triatleta espa\u00f1ol participante, Albert Soley, ha finalizado d\u00e9cimo en carrera.<\/p>\n<p style=\"text-align: justify;\">Tras arrancar muy fuerte en la nataci\u00f3n, Serrano se ha escapado en un grupo de tres triatletas dejando atr\u00e1s a Ben Allen y el resto de competidores. Ya encima de la bicicleta, Serrano ha liderado la carrera hasta que Allen le ha dado caza. Y en la subia exigente del trazado, el catal\u00e1n ha golpeado su desviador con una rama, lo que le ha dejado a cierta distancia de la cabeza de carrera. Ben Allen, Francesco Carloni y Bradley Weiss han llegado juntos a la transici\u00f3n, con Serrano en quinta posici\u00f3n. El catal\u00e1n ha remontado hasta la tercera posici\u00f3n, adelantando a Carloni a escasos 400 metros de meta y logrando un nuevo podio en el circuito XTERRA. Albert Soley ha salido de la segunda transici\u00f3n en octava posici\u00f3n y ha finalizado en decima posici\u00f3n.<\/p>\n<p style=\"text-align: justify;\"><a href=\"https:\/\/miurltemporal.com/main/triatletasenred.sport.es\/wp-content\/uploads\/Banner_CLIF_Rtriatletasenred_270x100.gif\"><img decoding=\"async\" class=\"alignnone  wp-image-34545\" src=\"https:\/\/miurltemporal.com/main/triatletasenred.sport.es\/wp-content\/uploads\/Banner_CLIF_Rtriatletasenred_270x100.gif\" alt=\"Banner_CLIF_Rtriatletasenred_270x100\" width=\"319\" height=\"118\" \/><\/a><\/p>\n","protected":false},"excerpt":{"rendered":"<p>El catal\u00e1n Roger Serrano ha sumado un nuevo podio en el circuito XTERRA European Tour tras finalizar tercero en el XTERRA Germany.<\/p>\n","protected":false},"author":12,"featured_media":36202,"comment_status":"open","ping_status":"open","sticky":false,"template":"","format":"standard","meta":{"_acf_changed":false,"rank_math_lock_modified_date":false,"footnotes":""},"categories":[17,19,1191],"tags":[],"class_list":{"0":"post-37681","1":"post","2":"type-post","3":"status-publish","4":"format-standard","5":"has-post-thumbnail","7":"category-actualidad","8":"category-competiciones","9":"category-triatlon"},"acf":[],"_links":{"self":[{"href":"https:\/\/miurltemporal.com/main/triatletasenred.sport.es\/wp-json\/wp\/v2\/posts\/37681"}],"collection":[{"href":"https:\/\/miurltemporal.com/main/triatletasenred.sport.es\/wp-json\/wp\/v2\/posts"}],"about":[{"href":"https:\/\/miurltemporal.com/main/triatletasenred.sport.es\/wp-json\/wp\/v2\/types\/post"}],"author":[{"embeddable":true,"href":"https:\/\/miurltemporal.com/main/triatletasenred.sport.es\/wp-json\/wp\/v2\/users\/12"}],"replies":[{"embeddable":true,"href":"https:\/\/miurltemporal.com/main/triatletasenred.sport.es\/wp-json\/wp\/v2\/comments?post=37681"}],"version-history":[{"count":0,"href":"https:\/\/miurltemporal.com/main/triatletasenred.sport.es\/wp-json\/wp\/v2\/posts\/37681\/revisions"}],"wp:featuredmedia":[{"embeddable":true,"href":"https:\/\/miurltemporal.com/main/triatletasenred.sport.es\/wp-json\/wp\/v2\/media\/36202"}],"wp:attachment":[{"href":"https:\/\/miurltemporal.com/main/triatletasenred.sport.es\/wp-json\/wp\/v2\/media?parent=37681"}],"wp:term":[{"taxonomy":"category","embeddable":true,"href":"https:\/\/miurltemporal.com/main/triatletasenred.sport.es\/wp-json\/wp\/v2\/categories?post=37681"},{"taxonomy":"post_tag","embeddable":true,"href":"https:\/\/miurltemporal.com/main/triatletasenred.sport.es\/wp-json\/wp\/v2\/tags?post=37681"}],"curies":[{"name":"wp","href":"https:\/\/api.w.org\/{rel}","templated":true}]}}