{"id":37673,"date":"2015-08-16T12:50:24","date_gmt":"2015-08-16T10:50:24","guid":{"rendered":"http:\/\/triatletasenred.com\/?p=37673"},"modified":"2015-08-16T12:50:24","modified_gmt":"2015-08-16T10:50:24","slug":"yves-cordier-compite-en-ironman-70-3-vichy","status":"publish","type":"post","link":"https:\/\/miurltemporal.com/main/triatletasenred.sport.es\/actualidad\/yves-cordier-compite-en-ironman-70-3-vichy\/","title":{"rendered":"Yves Cordier compite en Ironman 70.3 Vichy"},"content":{"rendered":"<p style=\"text-align: justify;\">La leyenda del triatl\u00f3n franc\u00e9s Yves Cordier, entre otros ganador cinco veces de Embrunman, estar\u00e1 en la l\u00ednea de salida del Ironman 70.3 de Vichy, una prueba que debuta en el calendario de la franquicia el pr\u00f3ximo 29 de agosto. Cordier portar\u00e1 el dorsal n\u00famero 1 y esta carrera significar\u00e1 su vuelta a las competiciones de media distancia.<\/p>\n","protected":false},"excerpt":{"rendered":"<p>El franc\u00e9s Yves Cordier, entre otros ganador cinco veces de Embrunman, competir\u00e1 el pr\u00f3ximo 29 de agosto en el Ironman 70.3 de Vichy, en Francia.<\/p>\n","protected":false},"author":12,"featured_media":37704,"comment_status":"open","ping_status":"open","sticky":false,"template":"","format":"standard","meta":{"_acf_changed":false,"rank_math_lock_modified_date":false,"footnotes":""},"categories":[17,1191],"tags":[],"class_list":{"0":"post-37673","1":"post","2":"type-post","3":"status-publish","4":"format-standard","5":"has-post-thumbnail","7":"category-actualidad","8":"category-triatlon"},"acf":[],"_links":{"self":[{"href":"https:\/\/miurltemporal.com/main/triatletasenred.sport.es\/wp-json\/wp\/v2\/posts\/37673"}],"collection":[{"href":"https:\/\/miurltemporal.com/main/triatletasenred.sport.es\/wp-json\/wp\/v2\/posts"}],"about":[{"href":"https:\/\/miurltemporal.com/main/triatletasenred.sport.es\/wp-json\/wp\/v2\/types\/post"}],"author":[{"embeddable":true,"href":"https:\/\/miurltemporal.com/main/triatletasenred.sport.es\/wp-json\/wp\/v2\/users\/12"}],"replies":[{"embeddable":true,"href":"https:\/\/miurltemporal.com/main/triatletasenred.sport.es\/wp-json\/wp\/v2\/comments?post=37673"}],"version-history":[{"count":0,"href":"https:\/\/miurltemporal.com/main/triatletasenred.sport.es\/wp-json\/wp\/v2\/posts\/37673\/revisions"}],"wp:featuredmedia":[{"embeddable":true,"href":"https:\/\/miurltemporal.com/main/triatletasenred.sport.es\/wp-json\/wp\/v2\/media\/37704"}],"wp:attachment":[{"href":"https:\/\/miurltemporal.com/main/triatletasenred.sport.es\/wp-json\/wp\/v2\/media?parent=37673"}],"wp:term":[{"taxonomy":"category","embeddable":true,"href":"https:\/\/miurltemporal.com/main/triatletasenred.sport.es\/wp-json\/wp\/v2\/categories?post=37673"},{"taxonomy":"post_tag","embeddable":true,"href":"https:\/\/miurltemporal.com/main/triatletasenred.sport.es\/wp-json\/wp\/v2\/tags?post=37673"}],"curies":[{"name":"wp","href":"https:\/\/api.w.org\/{rel}","templated":true}]}}