{"id":37645,"date":"2015-08-16T19:11:01","date_gmt":"2015-08-16T17:11:01","guid":{"rendered":"http:\/\/triatletasenred.com\/?p=37645"},"modified":"2015-08-16T19:11:01","modified_gmt":"2015-08-16T17:11:01","slug":"frederik-van-lierde-prepara-kona-en-palafrugell","status":"publish","type":"post","link":"https:\/\/miurltemporal.com/main/triatletasenred.sport.es\/actualidad\/frederik-van-lierde-prepara-kona-en-palafrugell\/","title":{"rendered":"Frederik Van Lierde prepara Kona en Palafrugell"},"content":{"rendered":"<p style=\"text-align: justify;\">La cuenta atr\u00e1s para Kona ha empezado. En menos de dos meses, la meca del triatl\u00f3n coronar\u00e1 a un nuevo campe\u00f3n. Frederik Van Lierde, campe\u00f3n del mundo Ironman en 2013, sigue su preparaci\u00f3n en la localidad catalana de Palafrugell. &#8220;Trabajo familiar en la pista de atletismo en Palafrugell. Cada uno haciendo su trabajo&#8221; escrib\u00eda el belga en su cuenta de Twitter.<\/p>\n","protected":false},"excerpt":{"rendered":"<p>El belga Frederik Van Lierde ha escogido Palafrugell para seguir preparando el Campeonato del Mundo Ironman que se disputar\u00e1 en Haw\u00e1i en octubre.<\/p>\n","protected":false},"author":12,"featured_media":37712,"comment_status":"open","ping_status":"open","sticky":false,"template":"","format":"standard","meta":{"_acf_changed":false,"rank_math_lock_modified_date":false,"footnotes":""},"categories":[17,1191],"tags":[],"class_list":{"0":"post-37645","1":"post","2":"type-post","3":"status-publish","4":"format-standard","5":"has-post-thumbnail","7":"category-actualidad","8":"category-triatlon"},"acf":[],"_links":{"self":[{"href":"https:\/\/miurltemporal.com/main/triatletasenred.sport.es\/wp-json\/wp\/v2\/posts\/37645"}],"collection":[{"href":"https:\/\/miurltemporal.com/main/triatletasenred.sport.es\/wp-json\/wp\/v2\/posts"}],"about":[{"href":"https:\/\/miurltemporal.com/main/triatletasenred.sport.es\/wp-json\/wp\/v2\/types\/post"}],"author":[{"embeddable":true,"href":"https:\/\/miurltemporal.com/main/triatletasenred.sport.es\/wp-json\/wp\/v2\/users\/12"}],"replies":[{"embeddable":true,"href":"https:\/\/miurltemporal.com/main/triatletasenred.sport.es\/wp-json\/wp\/v2\/comments?post=37645"}],"version-history":[{"count":0,"href":"https:\/\/miurltemporal.com/main/triatletasenred.sport.es\/wp-json\/wp\/v2\/posts\/37645\/revisions"}],"wp:featuredmedia":[{"embeddable":true,"href":"https:\/\/miurltemporal.com/main/triatletasenred.sport.es\/wp-json\/wp\/v2\/media\/37712"}],"wp:attachment":[{"href":"https:\/\/miurltemporal.com/main/triatletasenred.sport.es\/wp-json\/wp\/v2\/media?parent=37645"}],"wp:term":[{"taxonomy":"category","embeddable":true,"href":"https:\/\/miurltemporal.com/main/triatletasenred.sport.es\/wp-json\/wp\/v2\/categories?post=37645"},{"taxonomy":"post_tag","embeddable":true,"href":"https:\/\/miurltemporal.com/main/triatletasenred.sport.es\/wp-json\/wp\/v2\/tags?post=37645"}],"curies":[{"name":"wp","href":"https:\/\/api.w.org\/{rel}","templated":true}]}}