{"id":37575,"date":"2015-08-09T17:43:13","date_gmt":"2015-08-09T15:43:13","guid":{"rendered":"http:\/\/triatletasenred.com\/?p=37575"},"modified":"2015-08-09T17:43:13","modified_gmt":"2015-08-09T15:43:13","slug":"pablo-dapena-sexto-en-la-copa-de-europa-de-riga","status":"publish","type":"post","link":"https:\/\/miurltemporal.com/main/triatletasenred.sport.es\/actualidad\/pablo-dapena-sexto-en-la-copa-de-europa-de-riga\/","title":{"rendered":"Pablo Dapena, sexto en la Copa de Europa de Riga"},"content":{"rendered":"<p style=\"text-align: justify;\">El triatleta gallego Pablo Dapena ha finalizado sexto en la Copa de Europa ETU de Riga, una carrera que se complic\u00f3 en la segunda transici\u00f3n y que le oblig\u00f3 a remontar en la carrera a pie para finalmente quedarse a las puertas del top5. El ruso Alexander\u00a0Bryukhankov\u00a0se ha llevado la victoria con un tiempo de 53:43, seguido del ucraniano Oleksiy Syutkin y del belga Simon de Cuyper. Dapena, que entr\u00f3 a meta a medio minuto del ganador no se mostr\u00f3 satisfecho tras la carrera con el resultado conseguido. <em>&#8220;<span data-reactid=\".1.0.0.0.2.1.0.0.1.$text0:0:$end:0\">No estoy contento, nada contento.\u00a0<\/span><span data-reactid=\".1.0.0.0.2.1.0.0.1.$text2:0:$end:0\">6a posici\u00f3n en la Copa de Europa de Riga!! Todo iba bien hasta que hice la peor transici\u00f3n de mi vida. <\/span><span data-reactid=\".1.0.0.0.2.1.0.0.1.$text4:0:$end:0\">Coloco la bici con la rueda hacia delante, choca en el bordillo y se cae cuando estaba poniendo las zapatillas, vuelvo a cogerla y la pongo del otro lado, pongo definitivamente las zapatillas y salgo de los \u00faltimos a correr.\u00a0<\/span><\/em><span data-reactid=\".1.0.0.0.2.1.0.0.1.$text6:0:$end:0\"><em>Al final he librado e hice el 6o pero el que pudo ser&#8230;siempre estar\u00e1 ah\u00ed!! A seguir intent\u00e1ndolo!<\/em>&#8221; escrib\u00eda el triatleta en su cuenta de Instagram. El tambi\u00e9n espa\u00f1ol Guillermo Cuchillo ha finalizado vig\u00e9simo sexto.<\/span><\/p>\n<p><a href=\"https:\/\/miurltemporal.com/main/triatletasenred.sport.es\/wp-content\/uploads\/banner-viator-triatlon.gif\"><img fetchpriority=\"high\" decoding=\"async\" class=\"wp-image-36364 alignleft\" src=\"https:\/\/miurltemporal.com/main/triatletasenred.sport.es\/wp-content\/uploads\/banner-viator-triatlon.gif\" alt=\"banner-viator-triatlon\" width=\"378\" height=\"189\" \/><\/a><\/p>\n<p style=\"text-align: justify;\">\n","protected":false},"excerpt":{"rendered":"<p>El gallego Pablo Dapena ha finalizado sexto en la Copa de Europa de Riga, disputada este domingo. Alexander Bryukhankov ha conseguido la victoria.<\/p>\n","protected":false},"author":12,"featured_media":37580,"comment_status":"open","ping_status":"open","sticky":false,"template":"","format":"standard","meta":{"_acf_changed":false,"rank_math_lock_modified_date":false,"footnotes":""},"categories":[17,19,1191],"tags":[],"class_list":{"0":"post-37575","1":"post","2":"type-post","3":"status-publish","4":"format-standard","5":"has-post-thumbnail","7":"category-actualidad","8":"category-competiciones","9":"category-triatlon"},"acf":[],"_links":{"self":[{"href":"https:\/\/miurltemporal.com/main/triatletasenred.sport.es\/wp-json\/wp\/v2\/posts\/37575"}],"collection":[{"href":"https:\/\/miurltemporal.com/main/triatletasenred.sport.es\/wp-json\/wp\/v2\/posts"}],"about":[{"href":"https:\/\/miurltemporal.com/main/triatletasenred.sport.es\/wp-json\/wp\/v2\/types\/post"}],"author":[{"embeddable":true,"href":"https:\/\/miurltemporal.com/main/triatletasenred.sport.es\/wp-json\/wp\/v2\/users\/12"}],"replies":[{"embeddable":true,"href":"https:\/\/miurltemporal.com/main/triatletasenred.sport.es\/wp-json\/wp\/v2\/comments?post=37575"}],"version-history":[{"count":0,"href":"https:\/\/miurltemporal.com/main/triatletasenred.sport.es\/wp-json\/wp\/v2\/posts\/37575\/revisions"}],"wp:featuredmedia":[{"embeddable":true,"href":"https:\/\/miurltemporal.com/main/triatletasenred.sport.es\/wp-json\/wp\/v2\/media\/37580"}],"wp:attachment":[{"href":"https:\/\/miurltemporal.com/main/triatletasenred.sport.es\/wp-json\/wp\/v2\/media?parent=37575"}],"wp:term":[{"taxonomy":"category","embeddable":true,"href":"https:\/\/miurltemporal.com/main/triatletasenred.sport.es\/wp-json\/wp\/v2\/categories?post=37575"},{"taxonomy":"post_tag","embeddable":true,"href":"https:\/\/miurltemporal.com/main/triatletasenred.sport.es\/wp-json\/wp\/v2\/tags?post=37575"}],"curies":[{"name":"wp","href":"https:\/\/api.w.org\/{rel}","templated":true}]}}