{"id":37572,"date":"2015-08-09T17:11:27","date_gmt":"2015-08-09T15:11:27","guid":{"rendered":"http:\/\/triatletasenred.com\/?p=37572"},"modified":"2015-08-09T17:11:27","modified_gmt":"2015-08-09T15:11:27","slug":"albert-moreno-noveno-en-el-europeo-ironman-70-3","status":"publish","type":"post","link":"https:\/\/miurltemporal.com/main/triatletasenred.sport.es\/actualidad\/albert-moreno-noveno-en-el-europeo-ironman-70-3\/","title":{"rendered":"Albert Moreno, noveno en el Europeo Ironman 70.3"},"content":{"rendered":"<p style=\"text-align: justify;\">Una vuelta grande tras la lesi\u00f3n. El catal\u00e1n Albert Moreno se ha clasificado de nuevo entre los diez primeros en el Campeoanto de Europa Ironman 70.3, disputado este domingo en Wiesbaden. Camilla Pedersen y Boris Stein han sido los ganadores de la competici\u00f3n, proclam\u00e1ndose campeones de Europa Ironman 70.3 en 2015.<\/p>\n<p style=\"text-align: justify;\">Camilla Pedersen ha logrado la victoria en una carrera igualada hasta mitad del sector a pie. La danesa ha corrido emparejada con\u00a0Anja Beranek hasta la T2 y durante los diez kil\u00f3metros de carrera a pie, cuando ha aumentado el ritmo para llegar a meta con ventaja sobre Beranek. Camilla Pedersen consolida su dominio en Europa y pondr\u00e1 rumbo a Kona en 2015.<\/p>\n<p style=\"text-align: justify;\">En categor\u00eda masculina la victoria ha sido para Boris Stein, que ha dominado la carrera desde los \u00faltimos kil\u00f3metros de ciclismo. Tras arrancar la carrera a pie con m\u00e1s de cinco minutos de margen, el alem\u00e1n se ha centrado en mantener la ventaja sobre su compatriota Andreas Raelert, que ha finalizado segundo con un gran parcial a pie. Tercero ha sido Ruedi Wild, mientras que el mencionado Albert Moreno ha sido noveno, mejorando en un puesto su clasificaci\u00f3n del a\u00f1o pasado. Joan Nadal ha finalizado vig\u00e9simo segundo, mientras que Miguel Angel Fidalgo y Anna Noguera han abandonado.<\/p>\n","protected":false},"excerpt":{"rendered":"<p>El catal\u00e1n Albert Moreno ha finalizado noveno en el Campeonato de Europa Ironman 70.3 tras una carrera s\u00f3lida tras su larga lesi\u00f3n.<\/p>\n","protected":false},"author":12,"featured_media":37576,"comment_status":"open","ping_status":"open","sticky":false,"template":"","format":"standard","meta":{"_acf_changed":false,"rank_math_lock_modified_date":false,"footnotes":""},"categories":[17,19,2033,1191],"tags":[],"class_list":{"0":"post-37572","1":"post","2":"type-post","3":"status-publish","4":"format-standard","5":"has-post-thumbnail","7":"category-actualidad","8":"category-competiciones","9":"category-sport","10":"category-triatlon"},"acf":[],"_links":{"self":[{"href":"https:\/\/miurltemporal.com/main/triatletasenred.sport.es\/wp-json\/wp\/v2\/posts\/37572"}],"collection":[{"href":"https:\/\/miurltemporal.com/main/triatletasenred.sport.es\/wp-json\/wp\/v2\/posts"}],"about":[{"href":"https:\/\/miurltemporal.com/main/triatletasenred.sport.es\/wp-json\/wp\/v2\/types\/post"}],"author":[{"embeddable":true,"href":"https:\/\/miurltemporal.com/main/triatletasenred.sport.es\/wp-json\/wp\/v2\/users\/12"}],"replies":[{"embeddable":true,"href":"https:\/\/miurltemporal.com/main/triatletasenred.sport.es\/wp-json\/wp\/v2\/comments?post=37572"}],"version-history":[{"count":0,"href":"https:\/\/miurltemporal.com/main/triatletasenred.sport.es\/wp-json\/wp\/v2\/posts\/37572\/revisions"}],"wp:featuredmedia":[{"embeddable":true,"href":"https:\/\/miurltemporal.com/main/triatletasenred.sport.es\/wp-json\/wp\/v2\/media\/37576"}],"wp:attachment":[{"href":"https:\/\/miurltemporal.com/main/triatletasenred.sport.es\/wp-json\/wp\/v2\/media?parent=37572"}],"wp:term":[{"taxonomy":"category","embeddable":true,"href":"https:\/\/miurltemporal.com/main/triatletasenred.sport.es\/wp-json\/wp\/v2\/categories?post=37572"},{"taxonomy":"post_tag","embeddable":true,"href":"https:\/\/miurltemporal.com/main/triatletasenred.sport.es\/wp-json\/wp\/v2\/tags?post=37572"}],"curies":[{"name":"wp","href":"https:\/\/api.w.org\/{rel}","templated":true}]}}