{"id":37569,"date":"2015-08-09T12:12:37","date_gmt":"2015-08-09T10:12:37","guid":{"rendered":"http:\/\/triatletasenred.com\/?p=37569"},"modified":"2015-08-09T12:12:37","modified_gmt":"2015-08-09T10:12:37","slug":"cuatro-espanoles-en-la-final-de-la-copa-del-mundo-de-tiszaujvaros","status":"publish","type":"post","link":"https:\/\/miurltemporal.com/main/triatletasenred.sport.es\/actualidad\/cuatro-espanoles-en-la-final-de-la-copa-del-mundo-de-tiszaujvaros\/","title":{"rendered":"Cuatro espa\u00f1oles, en la final de la Copa del Mundo de Tiszaujvaros"},"content":{"rendered":"<p style=\"text-align: justify;\">Antonio Serrat, \u00a0Jes\u00fas Gomar, Ricardo Hern\u00e1ndez y Anna Godoy han logrado la clasificaci\u00f3n para la final de la Copa del Mundo ITU de Tiszaujvaros, que se disputa este domingo en Hungr\u00eda. Los cuatro triatletas espa\u00f1oles superaron los distintos cortes en sus respectivas semifinales, disputadas este s\u00e1bado sobre distancia sprint. S\u00f3lo Roberto S\u00e1nchez se qued\u00f3 fuera de las eliminatorias, donde acced\u00edan los siete mejores de cada serie. Las finales de la Copa del Mundo ITU de Tiszaujvaros se disputar\u00e1n al las 15:45 en categor\u00eda femenina mi\u00e9 tras que a las 17:10 ser\u00e1 el turno para la categor\u00eda masculina.<\/p>\n","protected":false},"excerpt":{"rendered":"<p>Un total de cuatro espa\u00f1oles se han clasificado para la final de la Copa del Mundo de Tiszaujvaros, que se disputa este domingo.<\/p>\n","protected":false},"author":12,"featured_media":37571,"comment_status":"open","ping_status":"open","sticky":false,"template":"","format":"standard","meta":{"_acf_changed":false,"rank_math_lock_modified_date":false,"footnotes":""},"categories":[17,19,1191],"tags":[],"class_list":{"0":"post-37569","1":"post","2":"type-post","3":"status-publish","4":"format-standard","5":"has-post-thumbnail","7":"category-actualidad","8":"category-competiciones","9":"category-triatlon"},"acf":[],"_links":{"self":[{"href":"https:\/\/miurltemporal.com/main/triatletasenred.sport.es\/wp-json\/wp\/v2\/posts\/37569"}],"collection":[{"href":"https:\/\/miurltemporal.com/main/triatletasenred.sport.es\/wp-json\/wp\/v2\/posts"}],"about":[{"href":"https:\/\/miurltemporal.com/main/triatletasenred.sport.es\/wp-json\/wp\/v2\/types\/post"}],"author":[{"embeddable":true,"href":"https:\/\/miurltemporal.com/main/triatletasenred.sport.es\/wp-json\/wp\/v2\/users\/12"}],"replies":[{"embeddable":true,"href":"https:\/\/miurltemporal.com/main/triatletasenred.sport.es\/wp-json\/wp\/v2\/comments?post=37569"}],"version-history":[{"count":0,"href":"https:\/\/miurltemporal.com/main/triatletasenred.sport.es\/wp-json\/wp\/v2\/posts\/37569\/revisions"}],"wp:featuredmedia":[{"embeddable":true,"href":"https:\/\/miurltemporal.com/main/triatletasenred.sport.es\/wp-json\/wp\/v2\/media\/37571"}],"wp:attachment":[{"href":"https:\/\/miurltemporal.com/main/triatletasenred.sport.es\/wp-json\/wp\/v2\/media?parent=37569"}],"wp:term":[{"taxonomy":"category","embeddable":true,"href":"https:\/\/miurltemporal.com/main/triatletasenred.sport.es\/wp-json\/wp\/v2\/categories?post=37569"},{"taxonomy":"post_tag","embeddable":true,"href":"https:\/\/miurltemporal.com/main/triatletasenred.sport.es\/wp-json\/wp\/v2\/tags?post=37569"}],"curies":[{"name":"wp","href":"https:\/\/api.w.org\/{rel}","templated":true}]}}