{"id":37530,"date":"2015-08-08T08:24:56","date_gmt":"2015-08-08T06:24:56","guid":{"rendered":"http:\/\/triatletasenred.com\/?p=37530"},"modified":"2015-08-08T08:24:56","modified_gmt":"2015-08-08T06:24:56","slug":"leeds-promociona-la-llegada-de-las-series-mundiales","status":"publish","type":"post","link":"https:\/\/miurltemporal.com/main/triatletasenred.sport.es\/en-red\/leeds-promociona-la-llegada-de-las-series-mundiales\/","title":{"rendered":"Leeds promociona la llegada de las Series Mundiales"},"content":{"rendered":"<p style=\"text-align: justify;\">La ciudad de los hermanos Brownlee (all\u00ed entrenan y residen habitualmente) ya ha puesto en marcha la campa\u00f1a de promoci\u00f3n de la llegada de las Series Mundiales en 2016. Leeds acoger\u00e1 por primera vez una prueba de la m\u00e1xima categor\u00eda internacional del triatl\u00f3n con Alistair y Jonathan como padrinos. Londres deja paso a una ciudad de reducida dimensi\u00f3n que recibir\u00e1 un gran evento de nuevo como ya hizo con el Tour de Francia en 2014. Los atletas brit\u00e1nicos ya han mostrado su apoyo a la prueba y esperan que sea una fiesta.<\/p>\n<p>https:\/\/www.youtube.com\/watch?v=6RyNRzESnqI<\/p>\n","protected":false},"excerpt":{"rendered":"<p>La localidad de Leeds, que en 2016 acoger\u00e1 una prueba de las Series Mundiales, ya ha empezado su promoci\u00f3n para el evento. Los Brownlee, apoyan a su ciudad.<\/p>\n","protected":false},"author":12,"featured_media":35108,"comment_status":"open","ping_status":"open","sticky":false,"template":"","format":"standard","meta":{"_acf_changed":false,"rank_math_lock_modified_date":false,"footnotes":""},"categories":[17,16,1191],"tags":[],"class_list":{"0":"post-37530","1":"post","2":"type-post","3":"status-publish","4":"format-standard","5":"has-post-thumbnail","7":"category-actualidad","8":"category-en-red","9":"category-triatlon"},"acf":[],"_links":{"self":[{"href":"https:\/\/miurltemporal.com/main/triatletasenred.sport.es\/wp-json\/wp\/v2\/posts\/37530"}],"collection":[{"href":"https:\/\/miurltemporal.com/main/triatletasenred.sport.es\/wp-json\/wp\/v2\/posts"}],"about":[{"href":"https:\/\/miurltemporal.com/main/triatletasenred.sport.es\/wp-json\/wp\/v2\/types\/post"}],"author":[{"embeddable":true,"href":"https:\/\/miurltemporal.com/main/triatletasenred.sport.es\/wp-json\/wp\/v2\/users\/12"}],"replies":[{"embeddable":true,"href":"https:\/\/miurltemporal.com/main/triatletasenred.sport.es\/wp-json\/wp\/v2\/comments?post=37530"}],"version-history":[{"count":0,"href":"https:\/\/miurltemporal.com/main/triatletasenred.sport.es\/wp-json\/wp\/v2\/posts\/37530\/revisions"}],"wp:featuredmedia":[{"embeddable":true,"href":"https:\/\/miurltemporal.com/main/triatletasenred.sport.es\/wp-json\/wp\/v2\/media\/35108"}],"wp:attachment":[{"href":"https:\/\/miurltemporal.com/main/triatletasenred.sport.es\/wp-json\/wp\/v2\/media?parent=37530"}],"wp:term":[{"taxonomy":"category","embeddable":true,"href":"https:\/\/miurltemporal.com/main/triatletasenred.sport.es\/wp-json\/wp\/v2\/categories?post=37530"},{"taxonomy":"post_tag","embeddable":true,"href":"https:\/\/miurltemporal.com/main/triatletasenred.sport.es\/wp-json\/wp\/v2\/tags?post=37530"}],"curies":[{"name":"wp","href":"https:\/\/api.w.org\/{rel}","templated":true}]}}