{"id":37428,"date":"2015-08-04T14:18:47","date_gmt":"2015-08-04T12:18:47","guid":{"rendered":"http:\/\/triatletasenred.com\/?p=37428"},"modified":"2015-08-03T22:22:12","modified_gmt":"2015-08-03T20:22:12","slug":"triathlon-alpe-dhuez-45","status":"publish","type":"post","link":"https:\/\/miurltemporal.com/main/triatletasenred.sport.es\/en-red\/triathlon-alpe-dhuez-45\/","title":{"rendered":"Cr\u00f3nica desde el dorsal: EDF Triathlon Alpe d&#8217;Huez (corto)"},"content":{"rendered":"<p style=\"text-align: justify;\">Esta semana pasada la m\u00edtica zona del Rodeno que franquea los Alpes Franceses acog\u00eda el EDF Triathlon\u00a0Alpe D&#8217;Huez.<a href=\"https:\/\/miurltemporal.com/main/triatletasenred.sport.es\/actualidad\/triatlon-alpe-dhuez-2\/\"> En triatletasenred.com ya os narramos lo sucedido<\/a> en la prueba de larga distancia y ahora toca la visi\u00f3n subjetiva, desde el dorsal, del Triathlon Alpe D&#8217;Huez en su versi\u00f3n short.<\/p>\n<p style=\"text-align: justify;\">Si bien el d\u00eda previo, durante la disputa de la prueba de larga distancia, tuvimos un d\u00eda despejado y claro, las cosas se torcieron 24h despu\u00e9s. El d\u00eda amanec\u00eda gris y la lluvia dejaba de ser una amenaza para ser una realidad que nos acompa\u00f1ar\u00eda durante toda la jornada a los que disputar\u00edamos la prueba Short del Triathlon Alpe D&#8217;Huez.<\/p>\n<p style=\"text-align: justify;\"><img fetchpriority=\"high\" decoding=\"async\" class=\"alignleft  wp-image-37437\" src=\"https:\/\/miurltemporal.com/main/triatletasenred.sport.es\/wp-content\/uploads\/lago.jpg\" alt=\"lago\" width=\"295\" height=\"197\" srcset=\"https:\/\/miurltemporal.com/main/triatletasenred.sport.es\/wp-content\/uploads\/lago.jpg 462w, https:\/\/miurltemporal.com/main/triatletasenred.sport.es\/wp-content\/uploads\/lago-300x200.jpg 300w\" sizes=\"(max-width: 295px) 100vw, 295px\" \/>Para empezar recuerdo que la prueba arranca desde el\u00a0Lac du Verney\u00a0y finaliza en el propio Alpe D&#8217; Huez, casi 1300 mts m\u00e1s arriba, de lo que ya se deducen dos aspectos clave : 2 obligadas ubicaciones de box y un duro ascenso para los m\u00e1s de 1400 participantes. Por la ma\u00f1ana deb\u00edamos dejar los enseres de run en la T2 situada en el campo de f\u00fatbol del pueblo y desplazarnos hasta el punto de salida. Aunque muchos triatletas optaron por desplazarse en bici,\u00a0\u00a0nosotros optamos por esquivar un poco m\u00e1s la lluvia y el fr\u00edo bajando en coche.<\/p>\n<p style=\"text-align: justify;\">Una vez all\u00ed no hab\u00eda escape: Lluvia, fr\u00edo y altas dosis de preocupaci\u00f3n por la temperatura del agua. No obstante a las 14h y casi por sorpresa sonaba la bocina que daba la salida a esta X edici\u00f3n del Triathlon Alpe D&#8217;huez. Los primeros metros son de contraste. De un lado el frio (soportable, pero fr\u00edo) y de otro lado la emoci\u00f3n de estar en un enclave espectacular. Tras los primeros metros la altura se cobra las primeras v\u00edctimas y puedo ver como algunos atletas nadan de espalda o se aflojan el neopreno para intentar compensar la hiperventilaci\u00f3n que provoca la combinaci\u00f3n fr\u00edo-altura. M\u00e1s o menos casi todos logran reponerse y saldar el sector con mayor o menor suerte.<\/p>\n<p style=\"text-align: justify;\">Ya finalizando este sector los voluntarios ayudan con un empujon a abandonar el agua y listos para la transici\u00f3n que dar\u00e1 lugar quiz\u00e1s a la parte m\u00e1s m\u00edtica de la prueba como es coronar el Alpe D&#8217;Huez. En este momento, y antes de llegar al pie del puerto, recorremos unos 20km de carreteras que combinan alguna leve bajada con falsos llanos. Aqu\u00ed te das cuenta que lo de &#8220;Ol\u00edmpico sin drafting&#8221; es una broma de los franceses ya que los pelotones en este tramo est\u00e1n a la orden del d\u00eda. Ni un solo oficial en todo este tramo se digna a llamar la atenci\u00f3n y mucho menos a sancionar. Los \u00fanicos que levantan la voz tal vez son aquellos que debutan en el evento pero los que repiten ya sab\u00edan que esto es as\u00ed y no hay m\u00e1s&#8230; Por tanto es momento de seguir pedaleando y disfrutando del paisaje. Obviamente enfadarse no va a cambiar nada m\u00e1s que las ganas de pasarlo bien as\u00ed que&#8230;a esperar el ascenso al puerto.<\/p>\n<p style=\"text-align: justify;\">Una vez en los pies de las m\u00edticas 21 curvas, y solo unos metros despu\u00e9s, el terreno nos sit\u00faa a cada uno en su lugar. La monta\u00f1a del Alpe D&#8217;Huez no entiende de drafting y solo premia a los m\u00e1s preparados. Es momento de pedalear e intentar llevar tu ritmo al margen de lo que veas por delante o detr\u00e1s. Marcel Zamora ya aconsej\u00f3 <a href=\"https:\/\/miurltemporal.com/main/triatletasenred.sport.es\/en-red\/alpe-dhuez\/\">en nuestra web no apretar de inicio e intentar llevar nuestro propia cadencia y ritmo as\u00ed que &#8220;Palabra de Marcel&#8221;<\/a>.<\/p>\n<p>En esos momentos, aunque se sufre, sientes que est\u00e1s cumpliendo con la Historia. Tantos y tantos ciclistas, tantos tours ascendiendo al m\u00edtico puerto y en esos momentos est\u00e1s recorriendo y sufriendo la tiran\u00eda del Alpe D&#8217;Huez. Ni siquiera los &#8220;recortadores&#8221; que aprovechan los giros de izquierda para restar metros al ascenso van a desviar tu atenci\u00f3n si quieres disfrutar de este momento que te va a llevar a la segunda transici\u00f3n.<img decoding=\"async\" class=\" wp-image-37436 alignright\" src=\"https:\/\/miurltemporal.com/main/triatletasenred.sport.es\/wp-content\/uploads\/ascenso-alpe.jpg\" alt=\"ascenso alpe\" width=\"341\" height=\"228\" srcset=\"https:\/\/miurltemporal.com/main/triatletasenred.sport.es\/wp-content\/uploads\/ascenso-alpe.jpg 640w, https:\/\/miurltemporal.com/main/triatletasenred.sport.es\/wp-content\/uploads\/ascenso-alpe-300x200.jpg 300w\" sizes=\"(max-width: 341px) 100vw, 341px\" \/><\/p>\n<p style=\"text-align: justify;\">El sistema de anclaje de los franceses es tremendamente r\u00e1pido y pr\u00e1ctico as\u00ed que esta T2 se realiza con relativa celeridad. Despu\u00e9s los \u00faltimos 7 kms, la mitad de ellos de subida por la ladera de la monta\u00f1a y el resto de bajada poco t\u00e9cnica pero no exenta de dificultad especialmente para unos castigados cuadriceps. Al final largu\u00edsima recta de meta que nos hizo formar parte de la Historia del Triathlon Alpe D&#8217;HUez en esta su d\u00e9cima edici\u00f3n.<\/p>\n<p style=\"text-align: justify;\">Tras la meta una zona de finisher con avituallamiento final sobrado, equilibrado y abundante que reuni\u00f3 a los finishers a pesar de la lluvia que nos acompa\u00f1\u00f3 en todo momento.<\/p>\n<p style=\"text-align: justify;\">En resumen una prueba excelente en un paraje incomparable pero olv\u00eddate de que lo venden como una prueba SIN drafting porque a efectos pr\u00e1cticos, entre los atletas populares&#8230;\u00a1No lo es!<\/p>\n<p>Imagen de portada: Turismo Alpe D&#8217;Huez<br \/>\nIm\u00e1genes carrera: M\u00f3nica Baena<\/p>\n<p><a href=\"https:\/\/miurltemporal.com/main/triatletasenred.sport.es\/wp-content\/uploads\/BH-Logo.jpg\"><img decoding=\"async\" class=\"alignnone size-full wp-image-33075\" src=\"https:\/\/miurltemporal.com/main/triatletasenred.sport.es\/wp-content\/uploads\/BH-Logo.jpg\" alt=\"BH Logo\" width=\"551\" height=\"137\" srcset=\"https:\/\/miurltemporal.com/main/triatletasenred.sport.es\/wp-content\/uploads\/BH-Logo.jpg 551w, https:\/\/miurltemporal.com/main/triatletasenred.sport.es\/wp-content\/uploads\/BH-Logo-300x74.jpg 300w\" sizes=\"(max-width: 551px) 100vw, 551px\" \/><\/a><\/p>\n","protected":false},"excerpt":{"rendered":"<p>As\u00ed vivimos &#8216;Desde el dorsal&#8217; el m\u00edtico EDF Triathlon Alpe d&#8217;Huez en corta distancia. Una carrera dura y marcada por las condiciones clim\u00e1ticas.<\/p>\n","protected":false},"author":2,"featured_media":37435,"comment_status":"open","ping_status":"open","sticky":false,"template":"","format":"standard","meta":{"_acf_changed":false,"rank_math_lock_modified_date":false,"footnotes":""},"categories":[19,16,1191],"tags":[181,3537,923,2315],"class_list":{"0":"post-37428","1":"post","2":"type-post","3":"status-publish","4":"format-standard","5":"has-post-thumbnail","7":"category-competiciones","8":"category-en-red","9":"category-triatlon","10":"tag-marcel-zamora","11":"tag-short","12":"tag-triathlon","13":"tag-triathlon-alpe-dhuez"},"acf":[],"_links":{"self":[{"href":"https:\/\/miurltemporal.com/main/triatletasenred.sport.es\/wp-json\/wp\/v2\/posts\/37428"}],"collection":[{"href":"https:\/\/miurltemporal.com/main/triatletasenred.sport.es\/wp-json\/wp\/v2\/posts"}],"about":[{"href":"https:\/\/miurltemporal.com/main/triatletasenred.sport.es\/wp-json\/wp\/v2\/types\/post"}],"author":[{"embeddable":true,"href":"https:\/\/miurltemporal.com/main/triatletasenred.sport.es\/wp-json\/wp\/v2\/users\/2"}],"replies":[{"embeddable":true,"href":"https:\/\/miurltemporal.com/main/triatletasenred.sport.es\/wp-json\/wp\/v2\/comments?post=37428"}],"version-history":[{"count":0,"href":"https:\/\/miurltemporal.com/main/triatletasenred.sport.es\/wp-json\/wp\/v2\/posts\/37428\/revisions"}],"wp:featuredmedia":[{"embeddable":true,"href":"https:\/\/miurltemporal.com/main/triatletasenred.sport.es\/wp-json\/wp\/v2\/media\/37435"}],"wp:attachment":[{"href":"https:\/\/miurltemporal.com/main/triatletasenred.sport.es\/wp-json\/wp\/v2\/media?parent=37428"}],"wp:term":[{"taxonomy":"category","embeddable":true,"href":"https:\/\/miurltemporal.com/main/triatletasenred.sport.es\/wp-json\/wp\/v2\/categories?post=37428"},{"taxonomy":"post_tag","embeddable":true,"href":"https:\/\/miurltemporal.com/main/triatletasenred.sport.es\/wp-json\/wp\/v2\/tags?post=37428"}],"curies":[{"name":"wp","href":"https:\/\/api.w.org\/{rel}","templated":true}]}}