{"id":374,"date":"2012-06-24T10:58:30","date_gmt":"2012-06-24T10:58:30","guid":{"rendered":"http:\/\/triatletasenred.com\/?p=374"},"modified":"2012-07-19T20:53:09","modified_gmt":"2012-07-19T20:53:09","slug":"debate-abierto-estan-masificadas-las-competiciones-de-triatlon-opina-y-concursa-por-unas-gafas-nike-vision","status":"publish","type":"post","link":"https:\/\/miurltemporal.com/main/triatletasenred.sport.es\/en-red\/debate-abierto-estan-masificadas-las-competiciones-de-triatlon-opina-y-concursa-por-unas-gafas-nike-vision\/","title":{"rendered":"Debate abierto: \u00bfEst\u00e1n masificadas las competiciones de triatl\u00f3n? Opina y concursa por unas gafas Nike Vision"},"content":{"rendered":"<p>Establecemos una nueva v\u00eda de comunicaci\u00f3n entre los triATLETAS en red. Un peque\u00f1o debate-concurso para conocer y compartir vuestras opiniones, siempre desde la educaci\u00f3n y el respeto al pr\u00f3jimo.<\/p>\n<p><strong>DEBATE ABIERTO<\/strong><\/p>\n<p>Es obvio que las inscripciones a las competiciones de triatl\u00f3n se ha disparado en los dos \u00faltimos a\u00f1os, es por eso que os planteamos las siguientes cuestiones<img fetchpriority=\"high\" decoding=\"async\" class=\"alignright\" src=\"http:\/\/chic.mequedouno.com\/\/imgs\/product_images\/product_1045\/SMC%20EV9318-701_1.jpg\" alt=\"\" width=\"276\" height=\"207\" \/><\/p>\n<p><strong>\u00bfCu\u00e1l es tu explicaci\u00f3n para este fen\u00f3meno? \u00bfC\u00f3mo crees que influye este hecho en el deporte del Triatl\u00f3n?<\/strong><\/p>\n<p>Deja tu respuesta en este post y entrar\u00e1s en el sorteo de unas gafas de sol cortes\u00eda de Nike Vision Plus<\/p>\n","protected":false},"excerpt":{"rendered":"<p>Establecemos una nueva v\u00eda de comunicaci\u00f3n entre los triATLETAS en red. Un peque\u00f1o debate-concurso para conocer y compartir vuestras opiniones, siempre desde la educaci\u00f3n y el respeto al pr\u00f3jimo. DEBATE ABIERTO Es obvio que las inscripciones a las competiciones de triatl\u00f3n se ha disparado en los dos \u00faltimos a\u00f1os, es por eso que os planteamos [&hellip;]<\/p>\n","protected":false},"author":2,"featured_media":0,"comment_status":"open","ping_status":"open","sticky":false,"template":"","format":"standard","meta":{"_acf_changed":false,"rank_math_lock_modified_date":false,"footnotes":""},"categories":[16],"tags":[57,47,24],"class_list":{"0":"post-374","1":"post","2":"type-post","3":"status-publish","4":"format-standard","6":"category-en-red","7":"tag-debate","8":"tag-gafas-de-sol","9":"tag-triatlon"},"acf":[],"_links":{"self":[{"href":"https:\/\/miurltemporal.com/main/triatletasenred.sport.es\/wp-json\/wp\/v2\/posts\/374"}],"collection":[{"href":"https:\/\/miurltemporal.com/main/triatletasenred.sport.es\/wp-json\/wp\/v2\/posts"}],"about":[{"href":"https:\/\/miurltemporal.com/main/triatletasenred.sport.es\/wp-json\/wp\/v2\/types\/post"}],"author":[{"embeddable":true,"href":"https:\/\/miurltemporal.com/main/triatletasenred.sport.es\/wp-json\/wp\/v2\/users\/2"}],"replies":[{"embeddable":true,"href":"https:\/\/miurltemporal.com/main/triatletasenred.sport.es\/wp-json\/wp\/v2\/comments?post=374"}],"version-history":[{"count":0,"href":"https:\/\/miurltemporal.com/main/triatletasenred.sport.es\/wp-json\/wp\/v2\/posts\/374\/revisions"}],"wp:attachment":[{"href":"https:\/\/miurltemporal.com/main/triatletasenred.sport.es\/wp-json\/wp\/v2\/media?parent=374"}],"wp:term":[{"taxonomy":"category","embeddable":true,"href":"https:\/\/miurltemporal.com/main/triatletasenred.sport.es\/wp-json\/wp\/v2\/categories?post=374"},{"taxonomy":"post_tag","embeddable":true,"href":"https:\/\/miurltemporal.com/main/triatletasenred.sport.es\/wp-json\/wp\/v2\/tags?post=374"}],"curies":[{"name":"wp","href":"https:\/\/api.w.org\/{rel}","templated":true}]}}