{"id":37207,"date":"2015-07-26T16:38:51","date_gmt":"2015-07-26T14:38:51","guid":{"rendered":"http:\/\/triatletasenred.com\/?p=37207"},"modified":"2015-07-27T11:15:56","modified_gmt":"2015-07-27T09:15:56","slug":"otra-medalla-para-la-delegacion-espanola-en-banyoles","status":"publish","type":"post","link":"https:\/\/miurltemporal.com/main/triatletasenred.sport.es\/actualidad\/otra-medalla-para-la-delegacion-espanola-en-banyoles\/","title":{"rendered":"Otra medalla para la delegaci\u00f3n espa\u00f1ola en Banyoles"},"content":{"rendered":"<p style=\"text-align: justify;\">El equipo espa\u00f1ol sub23 formado por Anna Godoy, David Castro, Xisca Tous y Nan Oliveras ha obtenido \u00a0la medalla de bronce en el Campeonato de Europa de Triatl\u00f3n sub23 en la modalidad\u00a0Relevos Mixtos. Con esta medalla se cierra un fin de semana de triatl\u00f3n que ha llevado a la localidad de Banyoles y su famoso &#8220;estany&#8221; a ser el epicentro del triatl\u00f3n europeo durante este fin de semana. Especial menci\u00f3n para los triatletas David Castro y Nan Oliveras, que ven\u00edan con confianza tras quedar primero y cuarto del Campeonato de Europa en categor\u00eda individual.<\/p>\n<p style=\"text-align: justify;\">Italia con un conjunto formado por Ilaria Zane, Ricardo De Palma, Angelica Olmo y Delian Stateff\u00a0se llevaron \u00a0la victoria mientras que el tercer ligar del caj\u00f3n lo ocuparon los brit\u00e1nicos, representados por Issy Morris, Marc Austin, Zoe Thomas y Christopher Perham.<\/p>\n","protected":false},"excerpt":{"rendered":"<p>La delegaci\u00f3n espa\u00f1ola Sub23 formado por Anna Godoy, David Castro, Xisca Tous y Nan Oliveras han obtenido la medalla de bronce en el Campeonato de Europa<\/p>\n","protected":false},"author":2,"featured_media":37208,"comment_status":"open","ping_status":"open","sticky":false,"template":"","format":"standard","meta":{"_acf_changed":false,"rank_math_lock_modified_date":false,"footnotes":""},"categories":[17,19,1191],"tags":[299,1966,1151,3521,408,1574,3520],"class_list":{"0":"post-37207","1":"post","2":"type-post","3":"status-publish","4":"format-standard","5":"has-post-thumbnail","7":"category-actualidad","8":"category-competiciones","9":"category-triatlon","10":"tag-anna-godoy","12":"tag-espana","13":"tag-medalla","14":"tag-nan-oliveras","15":"tag-triarmada","16":"tag-xisca-tous"},"acf":[],"_links":{"self":[{"href":"https:\/\/miurltemporal.com/main/triatletasenred.sport.es\/wp-json\/wp\/v2\/posts\/37207"}],"collection":[{"href":"https:\/\/miurltemporal.com/main/triatletasenred.sport.es\/wp-json\/wp\/v2\/posts"}],"about":[{"href":"https:\/\/miurltemporal.com/main/triatletasenred.sport.es\/wp-json\/wp\/v2\/types\/post"}],"author":[{"embeddable":true,"href":"https:\/\/miurltemporal.com/main/triatletasenred.sport.es\/wp-json\/wp\/v2\/users\/2"}],"replies":[{"embeddable":true,"href":"https:\/\/miurltemporal.com/main/triatletasenred.sport.es\/wp-json\/wp\/v2\/comments?post=37207"}],"version-history":[{"count":0,"href":"https:\/\/miurltemporal.com/main/triatletasenred.sport.es\/wp-json\/wp\/v2\/posts\/37207\/revisions"}],"wp:featuredmedia":[{"embeddable":true,"href":"https:\/\/miurltemporal.com/main/triatletasenred.sport.es\/wp-json\/wp\/v2\/media\/37208"}],"wp:attachment":[{"href":"https:\/\/miurltemporal.com/main/triatletasenred.sport.es\/wp-json\/wp\/v2\/media?parent=37207"}],"wp:term":[{"taxonomy":"category","embeddable":true,"href":"https:\/\/miurltemporal.com/main/triatletasenred.sport.es\/wp-json\/wp\/v2\/categories?post=37207"},{"taxonomy":"post_tag","embeddable":true,"href":"https:\/\/miurltemporal.com/main/triatletasenred.sport.es\/wp-json\/wp\/v2\/tags?post=37207"}],"curies":[{"name":"wp","href":"https:\/\/api.w.org\/{rel}","templated":true}]}}