{"id":37200,"date":"2015-07-25T22:18:50","date_gmt":"2015-07-25T20:18:50","guid":{"rendered":"http:\/\/triatletasenred.com\/?p=37200"},"modified":"2015-07-25T22:30:58","modified_gmt":"2015-07-25T20:30:58","slug":"david-castro","status":"publish","type":"post","link":"https:\/\/miurltemporal.com/main/triatletasenred.sport.es\/actualidad\/david-castro\/","title":{"rendered":"David Castro nuevo campe\u00f3n de Europa Sub-23"},"content":{"rendered":"<p>(AVANCE) El de La Roda part\u00eda como favorito en nuestras quinielas y no ha decepcionado.<strong> David Castro<\/strong> es desde hoy el nuevo campe\u00f3n de Europa Sub-23.<\/p>\n<p>La localidad de Banyoles (Girona) albergaba de nuevo un gran evento internacional y reun\u00eda a los mejores triatletas de Europa de la categoria sub-23. Muchos de los participantes, como es el caso de nuestro nuevo campe\u00f3n de Europa, ya con alguna experiencia en Series Mundiales.<\/p>\n<p>De esta dura batalla ha salido muy reforzada nuestra TriArmada que ha dado la cara en todo momento. A la victoria de David Castro se suma un excelente cuarto puesto del catal\u00e1n Nan Oliveras justo delante del Gallego Antonio Serrat y el buen papel de Antonio Benito ( s\u00e9ptimo ) y Jordi Garc\u00eda ( noveno ) que presento batalla en cabeza de carrera hasta entrado el sector de carrera a pie y entrando tambi\u00e9n en el TOP10. Gen\u00eds Grau finaliz\u00f3 en el puesto treinta y siete.<\/p>\n<p>Junto a David Castro subieron al podio el brit\u00e1nico \u00a0Marc Austin y el italiano Delian Stateff.<\/p>\n","protected":false},"excerpt":{"rendered":"<p>(AVANCE) El de La Roda part\u00eda como favorito en nuestras quinielas y no ha decepcionado. David Castro es desde hoy el nuevo campe\u00f3n de Europa Sub-23. La localidad de Banyoles (Girona) albergaba de nuevo un gran evento internacional y reun\u00eda a los mejores triatletas de Europa de la categoria sub-23. Muchos de los participantes, como [&hellip;]<\/p>\n","protected":false},"author":2,"featured_media":32836,"comment_status":"open","ping_status":"open","sticky":false,"template":"","format":"standard","meta":{"_acf_changed":false,"rank_math_lock_modified_date":false,"footnotes":""},"categories":[17],"tags":[49,1966,3518,408],"class_list":{"0":"post-37200","1":"post","2":"type-post","3":"status-publish","4":"format-standard","5":"has-post-thumbnail","7":"category-actualidad","8":"tag-banyoles","9":"tag-david-castro","10":"tag-et-triathlon","11":"tag-nan-oliveras"},"acf":[],"_links":{"self":[{"href":"https:\/\/miurltemporal.com/main/triatletasenred.sport.es\/wp-json\/wp\/v2\/posts\/37200"}],"collection":[{"href":"https:\/\/miurltemporal.com/main/triatletasenred.sport.es\/wp-json\/wp\/v2\/posts"}],"about":[{"href":"https:\/\/miurltemporal.com/main/triatletasenred.sport.es\/wp-json\/wp\/v2\/types\/post"}],"author":[{"embeddable":true,"href":"https:\/\/miurltemporal.com/main/triatletasenred.sport.es\/wp-json\/wp\/v2\/users\/2"}],"replies":[{"embeddable":true,"href":"https:\/\/miurltemporal.com/main/triatletasenred.sport.es\/wp-json\/wp\/v2\/comments?post=37200"}],"version-history":[{"count":0,"href":"https:\/\/miurltemporal.com/main/triatletasenred.sport.es\/wp-json\/wp\/v2\/posts\/37200\/revisions"}],"wp:featuredmedia":[{"embeddable":true,"href":"https:\/\/miurltemporal.com/main/triatletasenred.sport.es\/wp-json\/wp\/v2\/media\/32836"}],"wp:attachment":[{"href":"https:\/\/miurltemporal.com/main/triatletasenred.sport.es\/wp-json\/wp\/v2\/media?parent=37200"}],"wp:term":[{"taxonomy":"category","embeddable":true,"href":"https:\/\/miurltemporal.com/main/triatletasenred.sport.es\/wp-json\/wp\/v2\/categories?post=37200"},{"taxonomy":"post_tag","embeddable":true,"href":"https:\/\/miurltemporal.com/main/triatletasenred.sport.es\/wp-json\/wp\/v2\/tags?post=37200"}],"curies":[{"name":"wp","href":"https:\/\/api.w.org\/{rel}","templated":true}]}}