{"id":37167,"date":"2015-07-25T22:52:50","date_gmt":"2015-07-25T20:52:50","guid":{"rendered":"http:\/\/triatletasenred.com\/?p=37167"},"modified":"2015-07-27T11:18:02","modified_gmt":"2015-07-27T09:18:02","slug":"ruben-ruzafa-y-roger-serrano-en-xterra-italia","status":"publish","type":"post","link":"https:\/\/miurltemporal.com/main/triatletasenred.sport.es\/actualidad\/ruben-ruzafa-y-roger-serrano-en-xterra-italia\/","title":{"rendered":"Rub\u00e9n Ruzafa y Roger Serrano compiten en XTERRA Italia"},"content":{"rendered":"<p>Rub\u00e9n Ruzafa y \u00a0Roger Serrano ser\u00e1n nuestros representantes en el XTERRA Italia ma\u00f1ana domingo con claras opciones de luchar por los primeros puestos en los alrededores del\u00a0Lago di Scanno.<\/p>\n<p>Recordemos que Ruzafa suma sus \u00faltimas 12 participaciones con victoria y ya son muchos los <a href=\"https:\/\/miurltemporal.com/main/triatletasenred.sport.es\/?s=ruzafa\">titulares que acumula<\/a> gracias a su dominio incontestable.<\/p>\n<p>Por su parte el \u00a0catal\u00e1n Roger Serrano intentar\u00e1 mantener su condici\u00f3n de l\u00edder del circuito y seguir sumando experiencia en la franquicia Xterra. Recordemos que esta misma semana Serrano mostr\u00f3 \u00a0<a href=\"https:\/\/miurltemporal.com/main/triatletasenred.sport.es\/en-red\/roger-serrano-muestra-su-malestar-por-el-trato-de-la-fetri\/\">descontento con la Federaci\u00f3n Espa\u00f1ola<\/a>\u00a0en una carta abierta en sus redes sociales.<\/p>\n<p>&nbsp;<\/p>\n<p>&nbsp;<\/p>\n<p>&nbsp;<\/p>\n<p>&nbsp;<\/p>\n","protected":false},"excerpt":{"rendered":"<p>Rub\u00e9n Ruzafa y \u00a0Roger Serrano ser\u00e1n nuestros representantes en el XTERRA Italia ma\u00f1ana domingo con claras opciones de luchar por los primeros puestos en los alrededores del\u00a0Lago di Scanno. Recordemos que Ruzafa suma sus \u00faltimas 12 participaciones con victoria y ya son muchos los titulares que acumula gracias a su dominio incontestable. Por su parte [&hellip;]<\/p>\n","protected":false},"author":2,"featured_media":36660,"comment_status":"open","ping_status":"open","sticky":false,"template":"","format":"standard","meta":{"_acf_changed":false,"rank_math_lock_modified_date":false,"footnotes":""},"categories":[17],"tags":[594,1986,2022],"class_list":{"0":"post-37167","1":"post","2":"type-post","3":"status-publish","4":"format-standard","5":"has-post-thumbnail","7":"category-actualidad","8":"tag-roger-serrano","9":"tag-ruben-ruzafa","10":"tag-xterra"},"acf":[],"_links":{"self":[{"href":"https:\/\/miurltemporal.com/main/triatletasenred.sport.es\/wp-json\/wp\/v2\/posts\/37167"}],"collection":[{"href":"https:\/\/miurltemporal.com/main/triatletasenred.sport.es\/wp-json\/wp\/v2\/posts"}],"about":[{"href":"https:\/\/miurltemporal.com/main/triatletasenred.sport.es\/wp-json\/wp\/v2\/types\/post"}],"author":[{"embeddable":true,"href":"https:\/\/miurltemporal.com/main/triatletasenred.sport.es\/wp-json\/wp\/v2\/users\/2"}],"replies":[{"embeddable":true,"href":"https:\/\/miurltemporal.com/main/triatletasenred.sport.es\/wp-json\/wp\/v2\/comments?post=37167"}],"version-history":[{"count":0,"href":"https:\/\/miurltemporal.com/main/triatletasenred.sport.es\/wp-json\/wp\/v2\/posts\/37167\/revisions"}],"wp:featuredmedia":[{"embeddable":true,"href":"https:\/\/miurltemporal.com/main/triatletasenred.sport.es\/wp-json\/wp\/v2\/media\/36660"}],"wp:attachment":[{"href":"https:\/\/miurltemporal.com/main/triatletasenred.sport.es\/wp-json\/wp\/v2\/media?parent=37167"}],"wp:term":[{"taxonomy":"category","embeddable":true,"href":"https:\/\/miurltemporal.com/main/triatletasenred.sport.es\/wp-json\/wp\/v2\/categories?post=37167"},{"taxonomy":"post_tag","embeddable":true,"href":"https:\/\/miurltemporal.com/main/triatletasenred.sport.es\/wp-json\/wp\/v2\/tags?post=37167"}],"curies":[{"name":"wp","href":"https:\/\/api.w.org\/{rel}","templated":true}]}}