{"id":37160,"date":"2015-07-23T23:58:20","date_gmt":"2015-07-23T21:58:20","guid":{"rendered":"http:\/\/triatletasenred.com\/?p=37160"},"modified":"2016-02-26T19:53:17","modified_gmt":"2016-02-26T17:53:17","slug":"gran-fondo-tarragona-2015","status":"publish","type":"post","link":"https:\/\/miurltemporal.com/main/triatletasenred.sport.es\/en-red\/gran-fondo-tarragona-2015\/","title":{"rendered":"Inscripciones abiertas para Gran Fondo Tarragona 2015"},"content":{"rendered":"<p style=\"text-align: justify;\">La organizaci\u00f3n de <strong>Gran Fondo Tarragona<\/strong> ha abierto el plazo de inscripciones para la segunda edici\u00f3n de la prueba, que se celebrar\u00e1 el pr\u00f3ximo <strong>4 de octubre<\/strong>. Tras un estreno de gran nivel el a\u00f1o pasado, con m\u00e1s de medio millar de participantes, la marcha cicloturista de referencia en Tarragona afronta una nueva cita con fuerzas renovadas y con el objetivo de ofrecer una nueva experiencia \u201cinolvidable\u201d. La belleza de los recorridos, la combinaci\u00f3n de la Tarragona romana con los exclusivos paisajes mar\u00edtimos y boscosos, duras subidas y todos los servicios necesarios en cuanto a atenci\u00f3n al granfonder y seguridad ser\u00e1n las claves de esta nueva cita.<\/p>\n<p style=\"text-align: justify;\">\n<p style=\"text-align: justify;\">El registro se puede realizar ya a trav\u00e9s de la propia p\u00e1gina web de la marcha (<a href=\"http:\/\/granfondotarragona.com\" rel=\"nofollow noopener\" target=\"_blank\">http:\/\/granfondotarragona.com<\/a>) con precios que var\u00edan entre los <strong>35\u20ac de la Medio Fondo<\/strong> (107km) y los <strong>40\u20ac de la Gran Fondo<\/strong> (160km) para aquellos que se inscriban antes del 7 de septiembre. A este precio han de sum\u00e1rsele los 5\u20ac del seguro en caso de aquellos participantes que no est\u00e9n federados. El plazo de inscripciones se cerrar\u00e1 el d\u00eda 20 de septiembre.<\/p>\n<p style=\"text-align: justify;\">\n<p style=\"text-align: justify;\">WEB:<strong> <a href=\"http:\/\/granfondotarragona.com\" rel=\"nofollow noopener\" target=\"_blank\">http:\/\/granfondotarragona.com<\/a> <\/strong><\/p>\n<p style=\"text-align: justify;\">\n<p style=\"text-align: justify;\">\n<p style=\"text-align: justify;\">\n","protected":false},"excerpt":{"rendered":"<p>La organizaci\u00f3n de Gran Fondo Tarragona 2015 ha abierto el plazo de inscripciones para la segunda edici\u00f3n de la prueba, que se celebrar\u00e1 el 4 de octubre<\/p>\n","protected":false},"author":2,"featured_media":37162,"comment_status":"open","ping_status":"open","sticky":false,"template":"","format":"standard","meta":{"_acf_changed":false,"rank_math_lock_modified_date":false,"footnotes":""},"categories":[2833,16],"tags":[111,2063,3433,3516],"class_list":{"0":"post-37160","1":"post","2":"type-post","3":"status-publish","4":"format-standard","5":"has-post-thumbnail","7":"category-cicloturismo","8":"category-en-red","9":"tag-ciclismo","10":"tag-cicloturismo","11":"tag-gran-fondo-tarragona","12":"tag-xalenx"},"acf":[],"_links":{"self":[{"href":"https:\/\/miurltemporal.com/main/triatletasenred.sport.es\/wp-json\/wp\/v2\/posts\/37160"}],"collection":[{"href":"https:\/\/miurltemporal.com/main/triatletasenred.sport.es\/wp-json\/wp\/v2\/posts"}],"about":[{"href":"https:\/\/miurltemporal.com/main/triatletasenred.sport.es\/wp-json\/wp\/v2\/types\/post"}],"author":[{"embeddable":true,"href":"https:\/\/miurltemporal.com/main/triatletasenred.sport.es\/wp-json\/wp\/v2\/users\/2"}],"replies":[{"embeddable":true,"href":"https:\/\/miurltemporal.com/main/triatletasenred.sport.es\/wp-json\/wp\/v2\/comments?post=37160"}],"version-history":[{"count":0,"href":"https:\/\/miurltemporal.com/main/triatletasenred.sport.es\/wp-json\/wp\/v2\/posts\/37160\/revisions"}],"wp:featuredmedia":[{"embeddable":true,"href":"https:\/\/miurltemporal.com/main/triatletasenred.sport.es\/wp-json\/wp\/v2\/media\/37162"}],"wp:attachment":[{"href":"https:\/\/miurltemporal.com/main/triatletasenred.sport.es\/wp-json\/wp\/v2\/media?parent=37160"}],"wp:term":[{"taxonomy":"category","embeddable":true,"href":"https:\/\/miurltemporal.com/main/triatletasenred.sport.es\/wp-json\/wp\/v2\/categories?post=37160"},{"taxonomy":"post_tag","embeddable":true,"href":"https:\/\/miurltemporal.com/main/triatletasenred.sport.es\/wp-json\/wp\/v2\/tags?post=37160"}],"curies":[{"name":"wp","href":"https:\/\/api.w.org\/{rel}","templated":true}]}}