{"id":37148,"date":"2015-07-23T13:08:45","date_gmt":"2015-07-23T11:08:45","guid":{"rendered":"http:\/\/triatletasenred.com\/?p=37148"},"modified":"2015-07-23T13:08:45","modified_gmt":"2015-07-23T11:08:45","slug":"campeonato-de-espana-por-autonomias","status":"publish","type":"post","link":"https:\/\/miurltemporal.com/main/triatletasenred.sport.es\/en-red\/campeonato-de-espana-por-autonomias\/","title":{"rendered":"El Campeonato de Espa\u00f1a por autonom\u00edas, en Teledeporte"},"content":{"rendered":"<p style=\"text-align: justify;\">El canal tem\u00e1tico Teledeporte emite\u00a0<a href=\"http:\/\/www.rtve.es\/alacarta\/tve\/teledeporte\/\" target=\"_blank\" rel=\"nofollow noopener\">\u00a0<\/a><a href=\"http:\/\/www.rtve.es\/tve\/b\/teledeporte\/\" rel=\"nofollow noopener\" target=\"_blank\">hoy jueves a las 21:30h\u00a0<\/a>un v\u00eddeo-resumen con lo m\u00e1s destacado del Campeonato de Espa\u00f1a por autonom\u00edas, disputado el pasado fin de semana en Almaz\u00e1n (Soria)La emisi\u00f3n se produce en el marco de un acuerdo entre la Federaci\u00f3n Espa\u00f1ola de Triatl\u00f3n (FETRI) y Radio Televisi\u00f3n Espa\u00f1ola (RTVE). Recordemos que las victorias fueron para<\/p>\n<p style=\"text-align: justify;\">Foto:\u00a0Vivealmazan.com<\/p>\n<p style=\"text-align: justify;\"><a href=\"http:\/\/viator.es\" rel=\"http:\/\/viator.es\/ nofollow noopener\" target=\"_blank\"><img decoding=\"async\" class=\"alignleft wp-image-36383 size-full\" src=\"https:\/\/miurltemporal.com/main/triatletasenred.sport.es\/wp-content\/uploads\/banner-viator-triatlon-1.gif\" alt=\"banner-viator-triatlon-1\" width=\"300\" height=\"150\" \/><\/a>\u00a0 \u00a0 \u00a0<a href=\"https:\/\/etixxsports.com\/?locale=es\" rel=\"https:\/\/etixxsports.com\/?locale=es nofollow noopener\" target=\"_blank\"><img decoding=\"async\" class=\"alignright\" src=\"https:\/\/miurltemporal.com/main/triatletasenred.sport.es\/wp-content\/uploads\/etixx-tri.png\" alt=\"\" width=\"331\" height=\"151\" \/><\/a><\/p>\n","protected":false},"excerpt":{"rendered":"<p>El canal tem\u00e1tico Teledeporte emite un v\u00eddeo-resumen con lo m\u00e1s destacado del Campeonato de Espa\u00f1a por autonom\u00edas,<\/p>\n","protected":false},"author":2,"featured_media":37153,"comment_status":"open","ping_status":"open","sticky":false,"template":"","format":"standard","meta":{"_acf_changed":false,"rank_math_lock_modified_date":false,"footnotes":""},"categories":[16],"tags":[],"class_list":{"0":"post-37148","1":"post","2":"type-post","3":"status-publish","4":"format-standard","5":"has-post-thumbnail","7":"category-en-red"},"acf":[],"_links":{"self":[{"href":"https:\/\/miurltemporal.com/main/triatletasenred.sport.es\/wp-json\/wp\/v2\/posts\/37148"}],"collection":[{"href":"https:\/\/miurltemporal.com/main/triatletasenred.sport.es\/wp-json\/wp\/v2\/posts"}],"about":[{"href":"https:\/\/miurltemporal.com/main/triatletasenred.sport.es\/wp-json\/wp\/v2\/types\/post"}],"author":[{"embeddable":true,"href":"https:\/\/miurltemporal.com/main/triatletasenred.sport.es\/wp-json\/wp\/v2\/users\/2"}],"replies":[{"embeddable":true,"href":"https:\/\/miurltemporal.com/main/triatletasenred.sport.es\/wp-json\/wp\/v2\/comments?post=37148"}],"version-history":[{"count":0,"href":"https:\/\/miurltemporal.com/main/triatletasenred.sport.es\/wp-json\/wp\/v2\/posts\/37148\/revisions"}],"wp:featuredmedia":[{"embeddable":true,"href":"https:\/\/miurltemporal.com/main/triatletasenred.sport.es\/wp-json\/wp\/v2\/media\/37153"}],"wp:attachment":[{"href":"https:\/\/miurltemporal.com/main/triatletasenred.sport.es\/wp-json\/wp\/v2\/media?parent=37148"}],"wp:term":[{"taxonomy":"category","embeddable":true,"href":"https:\/\/miurltemporal.com/main/triatletasenred.sport.es\/wp-json\/wp\/v2\/categories?post=37148"},{"taxonomy":"post_tag","embeddable":true,"href":"https:\/\/miurltemporal.com/main/triatletasenred.sport.es\/wp-json\/wp\/v2\/tags?post=37148"}],"curies":[{"name":"wp","href":"https:\/\/api.w.org\/{rel}","templated":true}]}}