{"id":37094,"date":"2015-07-25T21:36:33","date_gmt":"2015-07-25T19:36:33","guid":{"rendered":"http:\/\/triatletasenred.com\/?p=37094"},"modified":"2015-08-02T12:20:51","modified_gmt":"2015-08-02T10:20:51","slug":"albert-moreno-volvera-a-competir-en-ironman-70-3-wiesbaden","status":"publish","type":"post","link":"https:\/\/miurltemporal.com/main/triatletasenred.sport.es\/actualidad\/albert-moreno-volvera-a-competir-en-ironman-70-3-wiesbaden\/","title":{"rendered":"Albert Moreno volver\u00e1 a competir en Ironman 70.3 Wiesbaden"},"content":{"rendered":"<p style=\"text-align: justify;\">Albert Moreno est\u00e1 de vuelta. Tras una primera parte de la temporada\u00a0marcada por las lesiones y reca\u00eddas, el catal\u00e1n ha fijado ya su primera competici\u00f3n tras el calvario que le ha impedido entrenar en condiciones. Tras una recuperaci\u00f3n progresiva, Albert Moreno viajar\u00e1 este mes de agosto a Alemania para disputar el Ironman 70.3 Wiesbaden el pr\u00f3ximo d\u00eda 9. Se trata de una prueba donde ya particip\u00f3 el a\u00f1o pasado, logrando un excelente d\u00e9cimo puesto en lo que era el Campeonato de Europa Ironman 70.3 en 2014 y que gan\u00f3 Sebastian Kienle.<\/p>\n<p style=\"text-align: justify;\">El triatleta de Igualada llegar\u00e1 a la prueba alemana sin experiencia previa en competici\u00f3n, pero con la motivaci\u00f3n y las ganas de competir por las nubes. &#8220;Me queda mucho por currar despu\u00e9s de las dos fracturas, pero se que la espera valdr\u00e1 la pena y volver\u00e9 a disfrutar compitiendo&#8221; escrib\u00eda hace unos d\u00edas el catal\u00e1n en su p\u00e1gina de Facebook.<\/p>\n<p>Foto: Facebook Albert Moreno<\/p>\n","protected":false},"excerpt":{"rendered":"<p>El catal\u00e1n Albert Moreno ya ha puesto fecha a su vuelta a la competici\u00f3n tras las lesiones. Ser\u00e1 el pr\u00f3ximo 9 de agosto en el Ironman 70.3 de Wiesbaden.<\/p>\n","protected":false},"author":12,"featured_media":37384,"comment_status":"open","ping_status":"open","sticky":false,"template":"","format":"standard","meta":{"_acf_changed":false,"rank_math_lock_modified_date":false,"footnotes":""},"categories":[17,1191],"tags":[],"class_list":{"0":"post-37094","1":"post","2":"type-post","3":"status-publish","4":"format-standard","5":"has-post-thumbnail","7":"category-actualidad","8":"category-triatlon"},"acf":[],"_links":{"self":[{"href":"https:\/\/miurltemporal.com/main/triatletasenred.sport.es\/wp-json\/wp\/v2\/posts\/37094"}],"collection":[{"href":"https:\/\/miurltemporal.com/main/triatletasenred.sport.es\/wp-json\/wp\/v2\/posts"}],"about":[{"href":"https:\/\/miurltemporal.com/main/triatletasenred.sport.es\/wp-json\/wp\/v2\/types\/post"}],"author":[{"embeddable":true,"href":"https:\/\/miurltemporal.com/main/triatletasenred.sport.es\/wp-json\/wp\/v2\/users\/12"}],"replies":[{"embeddable":true,"href":"https:\/\/miurltemporal.com/main/triatletasenred.sport.es\/wp-json\/wp\/v2\/comments?post=37094"}],"version-history":[{"count":0,"href":"https:\/\/miurltemporal.com/main/triatletasenred.sport.es\/wp-json\/wp\/v2\/posts\/37094\/revisions"}],"wp:featuredmedia":[{"embeddable":true,"href":"https:\/\/miurltemporal.com/main/triatletasenred.sport.es\/wp-json\/wp\/v2\/media\/37384"}],"wp:attachment":[{"href":"https:\/\/miurltemporal.com/main/triatletasenred.sport.es\/wp-json\/wp\/v2\/media?parent=37094"}],"wp:term":[{"taxonomy":"category","embeddable":true,"href":"https:\/\/miurltemporal.com/main/triatletasenred.sport.es\/wp-json\/wp\/v2\/categories?post=37094"},{"taxonomy":"post_tag","embeddable":true,"href":"https:\/\/miurltemporal.com/main/triatletasenred.sport.es\/wp-json\/wp\/v2\/tags?post=37094"}],"curies":[{"name":"wp","href":"https:\/\/api.w.org\/{rel}","templated":true}]}}