{"id":36993,"date":"2015-07-20T01:40:38","date_gmt":"2015-07-19T23:40:38","guid":{"rendered":"http:\/\/triatletasenred.com\/?p=36993"},"modified":"2015-07-20T01:43:07","modified_gmt":"2015-07-19T23:43:07","slug":"pol-gil-y-minerva-pujol-conquistan-los-7-2-km-de-la-travesia-swim-ultimate","status":"publish","type":"post","link":"https:\/\/miurltemporal.com/main/triatletasenred.sport.es\/competiciones\/travesias-mar-abierto\/pol-gil-y-minerva-pujol-conquistan-los-7-2-km-de-la-travesia-swim-ultimate\/","title":{"rendered":"Pol Gil y Minerva Pujol conquistan los 7.2 km de la traves\u00eda Swim Ultimate"},"content":{"rendered":"<p align=\"justify\"><span style=\"color: #333333;\"><span style=\"font-family: Georgia, 'Times New Roman', 'Bitstream Charter', Times, serif;\"><span style=\"font-size: small;\">A las 8 de la ma\u00f1ana de este s\u00e1bado se daba la salida de la SWIM ULTIMATE, la segunda traves\u00eda del circuito Swim No Limits. La &#8216;Mar d&#8217;Amunt&#8217; completamente llana y sin viento. \u00c9ste era el escenario para el casi centenar de nadadores, venidos desde distintos puntos de Europa y que se dieron cita en la playa de Llan\u00e7\u00e0. Toda una aventura de 7.2 km para los inscritos, que fueron part\u00edcipes de la &#8220;\u00fanica traves\u00eda en el mundo que hace subida&#8221;.<\/span><\/span><\/span><\/p>\n<p align=\"justify\"><span style=\"color: #333333;\"><span style=\"font-family: Georgia, 'Times New Roman', 'Bitstream Charter', Times, serif;\"><span style=\"font-size: small;\">De entre los participantes, destac\u00f3 la presencia de los nadadores Pol Gil, del CN Vallirana, y Roger Rebassa, del CN Matar\u00f3, y de la nadadora Minerva Pujol, del conjunto GEiEG. \u00a0Desde el inicio, Rabassa y Gil han dominado la clasificaci\u00f3n e incluso se han distanciado del tercer clasificado unos 500 metros. Hasta el km 2, Gil encabezaba la prueba, momento cuando Rabassa le ha pasado. Pero a escasos 800 metros del final, Gil ha tenido fuerzas suficientes como para acelerar a\u00fan m\u00e1s el ritmo y llegar a meta primero, en 1:28.20. A s\u00f3lo 6 segundos lo hac\u00eda Roger Rabassa. Tercero ha sido Jorge Llorente, con un tiempo de 1:40h.<\/span><\/span><\/span><\/p>\n<p align=\"justify\"><span style=\"color: #333333;\"><span style=\"font-family: Georgia, 'Times New Roman', 'Bitstream Charter', Times, serif;\"><span style=\"font-size: small;\">Minerva Pujol ha liderado la clasificaci\u00f3n femenina. La nadadora del GEiEG ha completado los 7.2km de la traves\u00eda en 1:49.51 y ha conseguido una distancia de 4 minutos respecto la segunda, Sabina Mart\u00ednez. Ha completado el podio Mariana Larripa, en 2h15.<\/span><\/span><\/span><\/p>\n<p align=\"justify\"><span style=\"color: #333333;\"><span style=\"font-family: Georgia, 'Times New Roman', 'Bitstream Charter', Times, serif;\"><span style=\"font-size: small;\">La\u00a0diversi\u00f3n ha sido una de las m\u00e1ximas de la convocatoria y de la que han sido part\u00edcipes todos los inscritos. El buen ambiente y la pasi\u00f3n por las aguas abiertas son dos de los puntos que destaca la organizaci\u00f3n, DIVERSPORT.<\/span><\/span><\/span><\/p>\n<p align=\"justify\"><strong><span style=\"color: #333333;\"><span style=\"font-family: Georgia, 'Times New Roman', 'Bitstream Charter', Times, serif;\"><span style=\"font-size: small;\"><b>PR\u00d3XIMA PARADA:\u00a0<a href=\"http:\/\/www.swimnolimits.com\/portbou\/\" rel=\"nofollow noopener\" target=\"_blank\">SWIM PORTBOU<\/a>, EL 2 DE AGOSTO. 3.7km\u00a0<\/b><\/span><\/span><\/span><\/strong><\/p>\n<div id='gallery-1' class='gallery galleryid-36993 gallery-columns-2 gallery-size-thumbnail'><figure class='gallery-item'>\n\t\t\t<div class='gallery-icon landscape'>\n\t\t\t\t<a href=\"https:\/\/miurltemporal.com/main/triatletasenred.sport.es\/wp-content\/uploads\/11774318_10207377881265483_129506046_n4.jpg\"><img decoding=\"async\" width=\"150\" height=\"113\" src=\"https:\/\/miurltemporal.com/main/triatletasenred.sport.es\/wp-content\/uploads\/11774318_10207377881265483_129506046_n4.jpg\" class=\"attachment-thumbnail size-thumbnail\" alt=\"\" srcset=\"https:\/\/miurltemporal.com/main/triatletasenred.sport.es\/wp-content\/uploads\/11774318_10207377881265483_129506046_n4.jpg 960w, https:\/\/miurltemporal.com/main/triatletasenred.sport.es\/wp-content\/uploads\/11774318_10207377881265483_129506046_n4-700x525.jpg 700w\" sizes=\"(max-width: 150px) 100vw, 150px\" \/><\/a>\n\t\t\t<\/div><\/figure><figure class='gallery-item'>\n\t\t\t<div class='gallery-icon landscape'>\n\t\t\t\t<a href=\"https:\/\/miurltemporal.com/main/triatletasenred.sport.es\/wp-content\/uploads\/11774657_10207377881305484_211426866_n.jpg\"><img decoding=\"async\" width=\"150\" height=\"113\" src=\"https:\/\/miurltemporal.com/main/triatletasenred.sport.es\/wp-content\/uploads\/11774657_10207377881305484_211426866_n.jpg\" class=\"attachment-thumbnail size-thumbnail\" alt=\"\" srcset=\"https:\/\/miurltemporal.com/main/triatletasenred.sport.es\/wp-content\/uploads\/11774657_10207377881305484_211426866_n.jpg 960w, https:\/\/miurltemporal.com/main/triatletasenred.sport.es\/wp-content\/uploads\/11774657_10207377881305484_211426866_n-700x525.jpg 700w\" sizes=\"(max-width: 150px) 100vw, 150px\" \/><\/a>\n\t\t\t<\/div><\/figure>\n\t\t<\/div>\n\n<p align=\"justify\">Fotos: Diversport<\/p>\n","protected":false},"excerpt":{"rendered":"<p>El circuito de traves\u00edas Swim No Limits ha celebrado este fin de semana la Swim Ultimate, una competici\u00f3n de 7,2 kil\u00f3metros en mar abierto.<\/p>\n","protected":false},"author":250,"featured_media":37020,"comment_status":"open","ping_status":"open","sticky":false,"template":"","format":"standard","meta":{"_acf_changed":false,"rank_math_lock_modified_date":false,"footnotes":""},"categories":[1193],"tags":[175,1168,3283,3395,993,3509,87,3508,3396,3507,3200,3506,838],"class_list":{"0":"post-36993","1":"post","2":"type-post","3":"status-publish","4":"format-standard","5":"has-post-thumbnail","7":"category-travesias-mar-abierto","8":"tag-aguas-abiertas","9":"tag-costa-brava","10":"tag-diversport","11":"tag-llanca","12":"tag-mar-abierto","13":"tag-minerva-pujol","14":"tag-natacion","15":"tag-pol-gil","16":"tag-portbou","17":"tag-roger-rabassa","18":"tag-swim-no-limits","19":"tag-swim-ultimate","20":"tag-travesias-2"},"acf":[],"_links":{"self":[{"href":"https:\/\/miurltemporal.com/main/triatletasenred.sport.es\/wp-json\/wp\/v2\/posts\/36993"}],"collection":[{"href":"https:\/\/miurltemporal.com/main/triatletasenred.sport.es\/wp-json\/wp\/v2\/posts"}],"about":[{"href":"https:\/\/miurltemporal.com/main/triatletasenred.sport.es\/wp-json\/wp\/v2\/types\/post"}],"author":[{"embeddable":true,"href":"https:\/\/miurltemporal.com/main/triatletasenred.sport.es\/wp-json\/wp\/v2\/users\/250"}],"replies":[{"embeddable":true,"href":"https:\/\/miurltemporal.com/main/triatletasenred.sport.es\/wp-json\/wp\/v2\/comments?post=36993"}],"version-history":[{"count":0,"href":"https:\/\/miurltemporal.com/main/triatletasenred.sport.es\/wp-json\/wp\/v2\/posts\/36993\/revisions"}],"wp:featuredmedia":[{"embeddable":true,"href":"https:\/\/miurltemporal.com/main/triatletasenred.sport.es\/wp-json\/wp\/v2\/media\/37020"}],"wp:attachment":[{"href":"https:\/\/miurltemporal.com/main/triatletasenred.sport.es\/wp-json\/wp\/v2\/media?parent=36993"}],"wp:term":[{"taxonomy":"category","embeddable":true,"href":"https:\/\/miurltemporal.com/main/triatletasenred.sport.es\/wp-json\/wp\/v2\/categories?post=36993"},{"taxonomy":"post_tag","embeddable":true,"href":"https:\/\/miurltemporal.com/main/triatletasenred.sport.es\/wp-json\/wp\/v2\/tags?post=36993"}],"curies":[{"name":"wp","href":"https:\/\/api.w.org\/{rel}","templated":true}]}}