{"id":36928,"date":"2015-07-17T03:29:27","date_gmt":"2015-07-17T01:29:27","guid":{"rendered":"http:\/\/triatletasenred.com\/?p=36928"},"modified":"2015-07-17T03:29:27","modified_gmt":"2015-07-17T01:29:27","slug":"marcel-zamora-busca-revalidar-victoria-en-oravaman","status":"publish","type":"post","link":"https:\/\/miurltemporal.com/main/triatletasenred.sport.es\/actualidad\/marcel-zamora-busca-revalidar-victoria-en-oravaman\/","title":{"rendered":"Marcel Zamora busca revalidar victoria en Oravaman"},"content":{"rendered":"<p style=\"text-align: justify;\">El triatleta catal\u00e1n Marcel Zamora aterriz\u00f3 este jueves en Eslovaquia para competir en el exigente Oravaman, triatl\u00f3n de media distancia que se disputa el pr\u00f3ximo s\u00e1bado entre bosques. Zamora, vigente campe\u00f3n de la prueba vuelve con intenci\u00f3n de revalidar la victoria en una prueba que el a\u00f1o pasado se complic\u00f3 por el fr\u00edo. El catal\u00e1n ya ha viajado a Eslovaquia en varias ocasiones, destacando que es una carrera que es de su agrado y que le servir\u00e1 para preparar el asalto a la sexta corona en Embrunman, a mediados de agosto en los Alpes Franceses. Zamora tendr\u00e1 que completar un trazado extremadamente duro por su desnivel, de 3300 metros positivos, durante los segmentos de ciclismo y carrera a pie.<\/p>\n<p style=\"text-align: justify;\">&#8220;Triatlon del que me flipa!! Duro de verdad, lugar espectacular y organizacion que disfruta con nosotros. I LOVE <a class=\"link-complex\" href=\"https:\/\/twitter.com\/oravaman\/\" target=\"_blank\" rel=\"user nofollow noopener\" data-user-name=\"oravaman\">@<span class=\"link-complex-target\">oravaman<\/span><\/a>&#8221; escrib\u00eda Zamora en su cuenta de Twitter.<\/p>\n","protected":false},"excerpt":{"rendered":"<p>Marcel Zamora compite este s\u00e1bado en una de las citas que se ha convertido en un cl\u00e1sico de su calendario. El catal\u00e1n vuelve a Eslovaquia para Oravaman.<\/p>\n","protected":false},"author":12,"featured_media":36936,"comment_status":"open","ping_status":"open","sticky":false,"template":"","format":"standard","meta":{"_acf_changed":false,"rank_math_lock_modified_date":false,"footnotes":""},"categories":[17,19,1191],"tags":[],"class_list":{"0":"post-36928","1":"post","2":"type-post","3":"status-publish","4":"format-standard","5":"has-post-thumbnail","7":"category-actualidad","8":"category-competiciones","9":"category-triatlon"},"acf":[],"_links":{"self":[{"href":"https:\/\/miurltemporal.com/main/triatletasenred.sport.es\/wp-json\/wp\/v2\/posts\/36928"}],"collection":[{"href":"https:\/\/miurltemporal.com/main/triatletasenred.sport.es\/wp-json\/wp\/v2\/posts"}],"about":[{"href":"https:\/\/miurltemporal.com/main/triatletasenred.sport.es\/wp-json\/wp\/v2\/types\/post"}],"author":[{"embeddable":true,"href":"https:\/\/miurltemporal.com/main/triatletasenred.sport.es\/wp-json\/wp\/v2\/users\/12"}],"replies":[{"embeddable":true,"href":"https:\/\/miurltemporal.com/main/triatletasenred.sport.es\/wp-json\/wp\/v2\/comments?post=36928"}],"version-history":[{"count":0,"href":"https:\/\/miurltemporal.com/main/triatletasenred.sport.es\/wp-json\/wp\/v2\/posts\/36928\/revisions"}],"wp:featuredmedia":[{"embeddable":true,"href":"https:\/\/miurltemporal.com/main/triatletasenred.sport.es\/wp-json\/wp\/v2\/media\/36936"}],"wp:attachment":[{"href":"https:\/\/miurltemporal.com/main/triatletasenred.sport.es\/wp-json\/wp\/v2\/media?parent=36928"}],"wp:term":[{"taxonomy":"category","embeddable":true,"href":"https:\/\/miurltemporal.com/main/triatletasenred.sport.es\/wp-json\/wp\/v2\/categories?post=36928"},{"taxonomy":"post_tag","embeddable":true,"href":"https:\/\/miurltemporal.com/main/triatletasenred.sport.es\/wp-json\/wp\/v2\/tags?post=36928"}],"curies":[{"name":"wp","href":"https:\/\/api.w.org\/{rel}","templated":true}]}}