{"id":36861,"date":"2015-07-14T22:57:43","date_gmt":"2015-07-14T20:57:43","guid":{"rendered":"http:\/\/triatletasenred.com\/?p=36861"},"modified":"2015-07-14T22:57:43","modified_gmt":"2015-07-14T20:57:43","slug":"transiciones-tu-podcast-de-triatlon-programa-17","status":"publish","type":"post","link":"https:\/\/miurltemporal.com/main/triatletasenred.sport.es\/en-red\/transiciones-tu-podcast-de-triatlon-programa-17\/","title":{"rendered":"Transiciones, tu podcast de triatl\u00f3n (programa 17)"},"content":{"rendered":"<p style=\"text-align: justify;\">Como cada semana, Transiciones vuelve puntual a su cita con el triatl\u00f3n. Tu podcast semanal de triatl\u00f3n te trae esta semana toda la actualidad del fin de semana de competiciones. Del Triatl\u00f3n de Vitoria Gasteiz al Challenge Roth pasando por el Europeo de Ginebra, el Triathlo Festival de Ribadesella, la Copa de Asia de Osaka o los Juegos Panamericanos de Toronto. Adem\u00e1s, analizamos brevemente las competiciones que se disputan el pr\u00f3ximo fin de semana. Vuelven las Series Mundiales de Hamburgo, una de las citas m\u00e1s espectaculares de la temporada, adem\u00e1s del Ironman de Suiza o el Campeonato de Europa de Triatl\u00f3n Cros, que se disputar\u00e1 en Alemania.<\/p>\n<p style=\"text-align: justify;\">Charlamos en profundidad con el vigente campe\u00f3n del Triatl\u00f3n de Vitoria Gasteiz en su versi\u00f3n larga distancia. El extreme\u00f1o Diego Paredes nos habla de la importancia de su victoria, el impacto que ha tenido, y de c\u00f3mo se vio en carrera compitiendo en una de las pruebas de mayor nombre en Espa\u00f1a.<\/p>\n<p style=\"text-align: justify;\">Como cada programa, repasamos la agenda de la semana de competiciones nacionales, hablamos con Ricard P\u00e9rez, nuestro cient\u00edfico deportivo y cerramos el programa con una de esas historias vinculadas al triatl\u00f3n que emocionan a los oyentes de Transiciones. El protagonista de esta semana, el triatleta Nani L\u00f3pez de Sagredo, que super\u00f3 un c\u00e1ncer de h\u00edgado y es el primer trasplantado hep\u00e1tico en finalizar un triatl\u00f3n de larga distancia.<\/p>\n<p style=\"text-align: justify;\">Todo esto y mucho m\u00e1s en Transiciones, tu podcast de triatl\u00f3n.<\/p>\n<p style=\"text-align: justify;\">DALE AL PLAY:<\/p>\n<p><iframe width=\"238\" height=\"48\" frameborder=\"0\" allowfullscreen=\"\" scrolling=\"no\" src=\"http:\/\/www.ivoox.com\/player_ek_4795224_2_1.html?data=lZyml5eWeI6ZmKialpqJd6KkkpKSmaiRdo6ZmKiakpKJe6ShkZKSmaiRmNPVz9jWxc7TssbnjIqfmrXWs8jmwtLOjZabaZOtjJahjcnJb6vpzc7cjZeUdZahhpywj9nWrcLozcrhw9jJstPZxZPQ0dKRaZi3jpk%3D&#038;\"><\/iframe><\/p>\n<p style=\"text-align: justify;\">\n<p style=\"text-align: justify;\"><a href=\"https:\/\/miurltemporal.com/main/triatletasenred.sport.es\/wp-content\/uploads\/banner-viator-triatlon-1.gif\"><img decoding=\"async\" class=\"alignnone size-full wp-image-36383\" src=\"https:\/\/miurltemporal.com/main/triatletasenred.sport.es\/wp-content\/uploads\/banner-viator-triatlon-1.gif\" alt=\"banner-viator-triatlon-1\" width=\"300\" height=\"150\" \/><\/a><\/p>\n","protected":false},"excerpt":{"rendered":"<p>Una semana m\u00e1s, y ya van diecisiete, vuelve Transiciones, tu podcast de triatl\u00f3n semanal. Much\u00edsimos contenidos y una entrevista fant\u00e1stica en media hora.<\/p>\n","protected":false},"author":12,"featured_media":34624,"comment_status":"open","ping_status":"open","sticky":false,"template":"","format":"standard","meta":{"_acf_changed":false,"rank_math_lock_modified_date":false,"footnotes":""},"categories":[17,16,2033,1191],"tags":[],"class_list":{"0":"post-36861","1":"post","2":"type-post","3":"status-publish","4":"format-standard","5":"has-post-thumbnail","7":"category-actualidad","8":"category-en-red","9":"category-sport","10":"category-triatlon"},"acf":[],"_links":{"self":[{"href":"https:\/\/miurltemporal.com/main/triatletasenred.sport.es\/wp-json\/wp\/v2\/posts\/36861"}],"collection":[{"href":"https:\/\/miurltemporal.com/main/triatletasenred.sport.es\/wp-json\/wp\/v2\/posts"}],"about":[{"href":"https:\/\/miurltemporal.com/main/triatletasenred.sport.es\/wp-json\/wp\/v2\/types\/post"}],"author":[{"embeddable":true,"href":"https:\/\/miurltemporal.com/main/triatletasenred.sport.es\/wp-json\/wp\/v2\/users\/12"}],"replies":[{"embeddable":true,"href":"https:\/\/miurltemporal.com/main/triatletasenred.sport.es\/wp-json\/wp\/v2\/comments?post=36861"}],"version-history":[{"count":0,"href":"https:\/\/miurltemporal.com/main/triatletasenred.sport.es\/wp-json\/wp\/v2\/posts\/36861\/revisions"}],"wp:featuredmedia":[{"embeddable":true,"href":"https:\/\/miurltemporal.com/main/triatletasenred.sport.es\/wp-json\/wp\/v2\/media\/34624"}],"wp:attachment":[{"href":"https:\/\/miurltemporal.com/main/triatletasenred.sport.es\/wp-json\/wp\/v2\/media?parent=36861"}],"wp:term":[{"taxonomy":"category","embeddable":true,"href":"https:\/\/miurltemporal.com/main/triatletasenred.sport.es\/wp-json\/wp\/v2\/categories?post=36861"},{"taxonomy":"post_tag","embeddable":true,"href":"https:\/\/miurltemporal.com/main/triatletasenred.sport.es\/wp-json\/wp\/v2\/tags?post=36861"}],"curies":[{"name":"wp","href":"https:\/\/api.w.org\/{rel}","templated":true}]}}