{"id":36664,"date":"2015-07-06T14:30:18","date_gmt":"2015-07-06T12:30:18","guid":{"rendered":"http:\/\/triatletasenred.com\/?p=36664"},"modified":"2015-07-06T15:07:09","modified_gmt":"2015-07-06T13:07:09","slug":"miquel-blanchart-estoy-muy-satisfecho-de-mi-carrera-en-frankfurt","status":"publish","type":"post","link":"https:\/\/miurltemporal.com/main/triatletasenred.sport.es\/entrevistas-triatlon\/miquel-blanchart-estoy-muy-satisfecho-de-mi-carrera-en-frankfurt\/","title":{"rendered":"[VIDEO] Miquel Blanchart: &#8220;Estoy muy satisfecho de mi carrera en Frankfurt&#8221;"},"content":{"rendered":"<p style=\"text-align: justify;\"><strong>Miquel Blanchart<\/strong>\u00a0explica en este v\u00eddeo en exclusiva para Triatletas en Red, sus sensaciones tras el Ironman de Frankfurt. El triatleta de Sabadell consigui\u00f3 una meritoria novena plaza en el Campeonato de Europa IRONMAN, disputado el 5 de julio en Frankfurt, aunque se qued\u00f3 a las puertas de certificar su clasificaci\u00f3n para el campeonato del mundo en Kona. &#8220;La novena posici\u00f3n me deja contento pero me sabe a poco, ya que con un s\u00e9ptimo u octavo puesto hubiera asegurado la clasificaci\u00f3n a Kona&#8221;, un objetivo que persigue por segundo a\u00f1o consecutivo. &#8220;Las condiciones de calor fueron excepcionales. Fue una carrera muy sufrida&#8221;<\/p>\n<p style=\"text-align: justify;\">&#8220;Me hac\u00eda falta tener buenas sensaciones\u00a0en el sector de nataci\u00f3n, y en Frankfurt las tuve. Tras la bicicleta, me baj\u00e9 a correr sabiendo que iba a ser muy duro&#8221; explica Blanchart.<\/p>\n<p><iframe src=\"https:\/\/www.youtube.com\/embed\/eHKkimdmT2I\" width=\"480\" height=\"360\" frameborder=\"0\" allowfullscreen=\"allowfullscreen\"><\/iframe><\/p>\n<p>&nbsp;<\/p>\n<p><a href=\"https:\/\/etixxsports.com\/?locale=es\" rel=\"nofollow noopener\" target=\"_blank\"><img decoding=\"async\" class=\"alignright\" src=\"https:\/\/miurltemporal.com/main/triatletasenred.sport.es\/wp-content\/uploads\/etixx-tri.png\" alt=\"\" width=\"265\" height=\"121\" \/><\/a>\u00a0<a href=\"http:\/\/www.compressport.es\/\" rel=\"nofollow noopener\" target=\"_blank\"><img decoding=\"async\" class=\"alignleft wp-image-34638\" src=\"https:\/\/miurltemporal.com/main/triatletasenred.sport.es\/wp-content\/uploads\/Compressport1.jpg\" alt=\"Compressport\" width=\"315\" height=\"69\" \/><\/a>\u00a0 \u00a0\u00a0\u00a0 \u00a0 \u00a0\u00a0<a href=\"http:\/\/www.bhbikes.com\/index.php?lang=es\" rel=\"nofollow noopener\" target=\"_blank\"><img fetchpriority=\"high\" decoding=\"async\" class=\"aligncenter wp-image-34344\" src=\"https:\/\/miurltemporal.com/main/triatletasenred.sport.es\/wp-content\/uploads\/IMG_90551.jpg\" alt=\"IMG_9055.JPG\" width=\"471\" height=\"109\" srcset=\"https:\/\/miurltemporal.com/main/triatletasenred.sport.es\/wp-content\/uploads\/IMG_90551.jpg 549w, https:\/\/miurltemporal.com/main/triatletasenred.sport.es\/wp-content\/uploads\/IMG_90551-300x69.jpg 300w\" sizes=\"(max-width: 471px) 100vw, 471px\" \/><\/a><\/p>\n<p>&nbsp;<\/p>\n","protected":false},"excerpt":{"rendered":"<p>El catal\u00e1n Miquel Blanchart repasa con Triatletas en Red su actuaci\u00f3n en el Campeonato de Europa Ironman, disputado este domingo en Frankfurt.<\/p>\n","protected":false},"author":2,"featured_media":36673,"comment_status":"open","ping_status":"open","sticky":false,"template":"","format":"standard","meta":{"_acf_changed":false,"rank_math_lock_modified_date":false,"footnotes":""},"categories":[17,10,2033,1191],"tags":[],"class_list":{"0":"post-36664","1":"post","2":"type-post","3":"status-publish","4":"format-standard","5":"has-post-thumbnail","7":"category-actualidad","8":"category-entrevistas-triatlon","9":"category-sport","10":"category-triatlon"},"acf":[],"_links":{"self":[{"href":"https:\/\/miurltemporal.com/main/triatletasenred.sport.es\/wp-json\/wp\/v2\/posts\/36664"}],"collection":[{"href":"https:\/\/miurltemporal.com/main/triatletasenred.sport.es\/wp-json\/wp\/v2\/posts"}],"about":[{"href":"https:\/\/miurltemporal.com/main/triatletasenred.sport.es\/wp-json\/wp\/v2\/types\/post"}],"author":[{"embeddable":true,"href":"https:\/\/miurltemporal.com/main/triatletasenred.sport.es\/wp-json\/wp\/v2\/users\/2"}],"replies":[{"embeddable":true,"href":"https:\/\/miurltemporal.com/main/triatletasenred.sport.es\/wp-json\/wp\/v2\/comments?post=36664"}],"version-history":[{"count":0,"href":"https:\/\/miurltemporal.com/main/triatletasenred.sport.es\/wp-json\/wp\/v2\/posts\/36664\/revisions"}],"wp:featuredmedia":[{"embeddable":true,"href":"https:\/\/miurltemporal.com/main/triatletasenred.sport.es\/wp-json\/wp\/v2\/media\/36673"}],"wp:attachment":[{"href":"https:\/\/miurltemporal.com/main/triatletasenred.sport.es\/wp-json\/wp\/v2\/media?parent=36664"}],"wp:term":[{"taxonomy":"category","embeddable":true,"href":"https:\/\/miurltemporal.com/main/triatletasenred.sport.es\/wp-json\/wp\/v2\/categories?post=36664"},{"taxonomy":"post_tag","embeddable":true,"href":"https:\/\/miurltemporal.com/main/triatletasenred.sport.es\/wp-json\/wp\/v2\/tags?post=36664"}],"curies":[{"name":"wp","href":"https:\/\/api.w.org\/{rel}","templated":true}]}}