{"id":36638,"date":"2015-07-06T10:50:52","date_gmt":"2015-07-06T08:50:52","guid":{"rendered":"http:\/\/triatletasenred.com\/?p=36638"},"modified":"2015-07-06T10:50:52","modified_gmt":"2015-07-06T08:50:52","slug":"eneko-llanos-nunca-habia-acabado-tan-tocado-un-triatlon","status":"publish","type":"post","link":"https:\/\/miurltemporal.com/main/triatletasenred.sport.es\/actualidad\/eneko-llanos-nunca-habia-acabado-tan-tocado-un-triatlon\/","title":{"rendered":"Eneko Llanos: &#8220;Nunca hab\u00eda acabado tan tocado un triatl\u00f3n&#8221;"},"content":{"rendered":"<p style=\"text-align: justify;\" data-reactid=\".0.1.0.0.0.2.1.0.0\">El vasco Eneko Llanos finaliz\u00f3 octavo en el Ironman de Frankfurt y afirm\u00f3 que se trataba de la carrera donde m\u00e1s &#8216;tocado&#8217; hab\u00eda quedado tras el esfuerzo realizado durante las m\u00e1s de ocho horas de competici\u00f3n.\u00a0<span data-reactid=\".0.1.0.0.0.2.1.0.0.1.$text0:0:$text0:0\">&#8220;\u00a1Lo que me ha costado conseguir este trozo de metal hoy! 8\u00b0 en\u00a0<\/span><a href=\"https:\/\/instagram.com\/ironmantri\/\" data-reactid=\".0.1.0.0.0.2.1.0.0.1.$text0:0:$entity0:0\" rel=\"nofollow noopener\" target=\"_blank\">@ironmantri<\/a><span data-reactid=\".0.1.0.0.0.2.1.0.0.1.$text0:0:$text1:0\"> Frankfurt, nunca hab\u00eda acabado tan tocado un triatlon, pero hab\u00eda que sufrirlo y acabarlo y conseguido est\u00e1 y contento estoy por ello. Que no me hablen de Ironman en una temporada&#8221; escrib\u00eda en su cuenta de Instagram. Llanos, que se proclam\u00f3 campe\u00f3n de Europa Ironman en 2013 en Frankfurt, se tomar\u00e1 un peque\u00f1o periodo de descanso para seguir preparando el asalto al Ironman de Haw\u00e1i.<\/span><\/p>\n<p style=\"text-align: justify;\" data-reactid=\".0.1.0.0.0.2.1.0.0\"><a href=\"https:\/\/miurltemporal.com/main/triatletasenred.sport.es\/wp-content\/uploads\/BH-Logo.jpg\"><img fetchpriority=\"high\" decoding=\"async\" class=\"alignnone size-full wp-image-33075\" src=\"https:\/\/miurltemporal.com/main/triatletasenred.sport.es\/wp-content\/uploads\/BH-Logo.jpg\" alt=\"BH Logo\" width=\"551\" height=\"137\" srcset=\"https:\/\/miurltemporal.com/main/triatletasenred.sport.es\/wp-content\/uploads\/BH-Logo.jpg 551w, https:\/\/miurltemporal.com/main/triatletasenred.sport.es\/wp-content\/uploads\/BH-Logo-300x74.jpg 300w\" sizes=\"(max-width: 551px) 100vw, 551px\" \/><\/a><\/p>\n","protected":false},"excerpt":{"rendered":"<p>El triatleta vasco Eneko Llanos, octavo en el Ironman Frankfurt, explic\u00f3 tras la carrera que hab\u00eda sufrido m\u00e1s que nunca.<\/p>\n","protected":false},"author":12,"featured_media":36653,"comment_status":"open","ping_status":"open","sticky":false,"template":"","format":"standard","meta":{"_acf_changed":false,"rank_math_lock_modified_date":false,"footnotes":""},"categories":[17,1191],"tags":[],"class_list":{"0":"post-36638","1":"post","2":"type-post","3":"status-publish","4":"format-standard","5":"has-post-thumbnail","7":"category-actualidad","8":"category-triatlon"},"acf":[],"_links":{"self":[{"href":"https:\/\/miurltemporal.com/main/triatletasenred.sport.es\/wp-json\/wp\/v2\/posts\/36638"}],"collection":[{"href":"https:\/\/miurltemporal.com/main/triatletasenred.sport.es\/wp-json\/wp\/v2\/posts"}],"about":[{"href":"https:\/\/miurltemporal.com/main/triatletasenred.sport.es\/wp-json\/wp\/v2\/types\/post"}],"author":[{"embeddable":true,"href":"https:\/\/miurltemporal.com/main/triatletasenred.sport.es\/wp-json\/wp\/v2\/users\/12"}],"replies":[{"embeddable":true,"href":"https:\/\/miurltemporal.com/main/triatletasenred.sport.es\/wp-json\/wp\/v2\/comments?post=36638"}],"version-history":[{"count":0,"href":"https:\/\/miurltemporal.com/main/triatletasenred.sport.es\/wp-json\/wp\/v2\/posts\/36638\/revisions"}],"wp:featuredmedia":[{"embeddable":true,"href":"https:\/\/miurltemporal.com/main/triatletasenred.sport.es\/wp-json\/wp\/v2\/media\/36653"}],"wp:attachment":[{"href":"https:\/\/miurltemporal.com/main/triatletasenred.sport.es\/wp-json\/wp\/v2\/media?parent=36638"}],"wp:term":[{"taxonomy":"category","embeddable":true,"href":"https:\/\/miurltemporal.com/main/triatletasenred.sport.es\/wp-json\/wp\/v2\/categories?post=36638"},{"taxonomy":"post_tag","embeddable":true,"href":"https:\/\/miurltemporal.com/main/triatletasenred.sport.es\/wp-json\/wp\/v2\/tags?post=36638"}],"curies":[{"name":"wp","href":"https:\/\/api.w.org\/{rel}","templated":true}]}}