{"id":36572,"date":"2015-07-03T14:28:33","date_gmt":"2015-07-03T12:28:33","guid":{"rendered":"http:\/\/triatletasenred.com\/?p=36572"},"modified":"2015-07-03T14:28:33","modified_gmt":"2015-07-03T12:28:33","slug":"roger-serrano-presenta-roger-that","status":"publish","type":"post","link":"https:\/\/miurltemporal.com/main/triatletasenred.sport.es\/en-red\/roger-serrano-presenta-roger-that\/","title":{"rendered":"Roger Serrano presenta &#8216;ROGER THAT&#8217;"},"content":{"rendered":"<p style=\"text-align: justify;\">El catal\u00e1n Roger Serrano, actualmente l\u00edder del XTERRA European Tour, ha presentado el primer v\u00eddeo de la saga &#8216;ROGER THAT&#8217;, con los que pretende dar a conocer el triatl\u00f3n cros y sus actuaciones a lo largo y ancho del globo. En el pirmer v\u00eddeo, Serrano se desplaza a XTERRA Malta, donde finaliz\u00f3 en segunda posici\u00f3n. El reportaje, filmado por Gin\u00e9s D\u00edaz y editado por el propio Roger Serrano, muestra las circunstancias que envuelven una carrera como las del circuito XTERRA.<\/p>\n<p style=\"text-align: justify;\">&#8220;Arrancamos con el proyecto ROGER THAT, el primero de la serie de episodios donde podr\u00e9is ver como un tipo con barba da vueltas por el mundo, compitiendo y disfrutando de todo lo que tiene a su alrededor. El primer episodio en la peque\u00f1a y hermosa isla de Malta&#8221; escrib\u00eda Roger Serrano en su cuenta de Facebook. Se trata de una iniciativa innovadora y con la que Serrano quiere dar a conocer el triatl\u00f3n cros.<\/p>\n<p>https:\/\/www.youtube.com\/watch?v=x4qulCR13a8<\/p>\n","protected":false},"excerpt":{"rendered":"<p>El catal\u00e1n Roger Serrano ha presentado el primer episodio de &#8216;ROGER THAT&#8217;, un v\u00eddeo en el que resume su carrera en XTERRA Malta. As\u00ed es el triatl\u00f3n cros.<\/p>\n","protected":false},"author":12,"featured_media":36579,"comment_status":"open","ping_status":"open","sticky":false,"template":"","format":"standard","meta":{"_acf_changed":false,"rank_math_lock_modified_date":false,"footnotes":""},"categories":[17,16,1191],"tags":[],"class_list":{"0":"post-36572","1":"post","2":"type-post","3":"status-publish","4":"format-standard","5":"has-post-thumbnail","7":"category-actualidad","8":"category-en-red","9":"category-triatlon"},"acf":[],"_links":{"self":[{"href":"https:\/\/miurltemporal.com/main/triatletasenred.sport.es\/wp-json\/wp\/v2\/posts\/36572"}],"collection":[{"href":"https:\/\/miurltemporal.com/main/triatletasenred.sport.es\/wp-json\/wp\/v2\/posts"}],"about":[{"href":"https:\/\/miurltemporal.com/main/triatletasenred.sport.es\/wp-json\/wp\/v2\/types\/post"}],"author":[{"embeddable":true,"href":"https:\/\/miurltemporal.com/main/triatletasenred.sport.es\/wp-json\/wp\/v2\/users\/12"}],"replies":[{"embeddable":true,"href":"https:\/\/miurltemporal.com/main/triatletasenred.sport.es\/wp-json\/wp\/v2\/comments?post=36572"}],"version-history":[{"count":0,"href":"https:\/\/miurltemporal.com/main/triatletasenred.sport.es\/wp-json\/wp\/v2\/posts\/36572\/revisions"}],"wp:featuredmedia":[{"embeddable":true,"href":"https:\/\/miurltemporal.com/main/triatletasenred.sport.es\/wp-json\/wp\/v2\/media\/36579"}],"wp:attachment":[{"href":"https:\/\/miurltemporal.com/main/triatletasenred.sport.es\/wp-json\/wp\/v2\/media?parent=36572"}],"wp:term":[{"taxonomy":"category","embeddable":true,"href":"https:\/\/miurltemporal.com/main/triatletasenred.sport.es\/wp-json\/wp\/v2\/categories?post=36572"},{"taxonomy":"post_tag","embeddable":true,"href":"https:\/\/miurltemporal.com/main/triatletasenred.sport.es\/wp-json\/wp\/v2\/tags?post=36572"}],"curies":[{"name":"wp","href":"https:\/\/api.w.org\/{rel}","templated":true}]}}