{"id":36521,"date":"2015-07-01T18:23:08","date_gmt":"2015-07-01T16:23:08","guid":{"rendered":"http:\/\/triatletasenred.com\/?p=36521"},"modified":"2015-07-07T00:55:41","modified_gmt":"2015-07-06T22:55:41","slug":"diez-espanoles-en-las-series-mundiales-de-hamburgo","status":"publish","type":"post","link":"https:\/\/miurltemporal.com/main/triatletasenred.sport.es\/actualidad\/diez-espanoles-en-las-series-mundiales-de-hamburgo\/","title":{"rendered":"Diez espa\u00f1oles en las Series Mundiales de Hamburgo"},"content":{"rendered":"<p style=\"text-align: justify;\">La Federaci\u00f3n Espa\u00f1ola de Triatl\u00f3n anunci\u00f3 la convocatoria para las Series Mundiales de Hamburgo, que se disputar\u00e1n el 18 y 19 de julio en la ciudad alemana. Un total de diez espa\u00f1oles, cuatro en categor\u00eda femenina y seis en categor\u00eda masculina, representar\u00e1n a Espa\u00f1a en la competici\u00f3n. Carolina Routier, Ainhoa Mur\u00faa, Tamara G\u00f3mez y Miriam Casillas lo har\u00e1n en categor\u00eda femenina, mientras que Javi G\u00f3mez Noya, Mario Mola, Fernando Alarza, Vicente Hern\u00e1ndez, Cesc Godoy y David Castro est\u00e1n convocados en categor\u00eda masculina. La presencia del canario Vicente Hern\u00e1ndez no est\u00e1 garantizada pues todav\u00eda sigue recuper\u00e1ndose de su lesi\u00b4\u00f3n en el pie. La competici\u00f3n se disputar\u00e1 el fin de semana del 18-19 de agosto en Hamburgo, e incluir\u00e1 tambi\u00e9n el Campeonato del Mundo de Triatl\u00f3n por Relevos.<\/p>\n<p style=\"text-align: justify;\">Foto: ITU<\/p>\n<p style=\"text-align: justify;\"><a href=\"https:\/\/miurltemporal.com/main/triatletasenred.sport.es\/wp-content\/uploads\/TFC1502_Cartel_llamas_270x120p.jpg\"><img decoding=\"async\" class=\"alignnone  wp-image-36501\" src=\"https:\/\/miurltemporal.com/main/triatletasenred.sport.es\/wp-content\/uploads\/TFC1502_Cartel_llamas_270x120p.jpg\" alt=\"TFC1502_Cartel_llamas_270x120p\" width=\"311\" height=\"138\" \/><\/a><\/p>\n","protected":false},"excerpt":{"rendered":"<p>Un total de diez triatletas espa\u00f1oles se desplazar\u00e1n en menos de dos semanas hacia Hamburgo para disputar la s\u00e9ptima prueba de las Series Mundiales.<\/p>\n","protected":false},"author":12,"featured_media":36522,"comment_status":"open","ping_status":"open","sticky":false,"template":"","format":"standard","meta":{"_acf_changed":false,"rank_math_lock_modified_date":false,"footnotes":""},"categories":[17,19,1191],"tags":[],"class_list":{"0":"post-36521","1":"post","2":"type-post","3":"status-publish","4":"format-standard","5":"has-post-thumbnail","7":"category-actualidad","8":"category-competiciones","9":"category-triatlon"},"acf":[],"_links":{"self":[{"href":"https:\/\/miurltemporal.com/main/triatletasenred.sport.es\/wp-json\/wp\/v2\/posts\/36521"}],"collection":[{"href":"https:\/\/miurltemporal.com/main/triatletasenred.sport.es\/wp-json\/wp\/v2\/posts"}],"about":[{"href":"https:\/\/miurltemporal.com/main/triatletasenred.sport.es\/wp-json\/wp\/v2\/types\/post"}],"author":[{"embeddable":true,"href":"https:\/\/miurltemporal.com/main/triatletasenred.sport.es\/wp-json\/wp\/v2\/users\/12"}],"replies":[{"embeddable":true,"href":"https:\/\/miurltemporal.com/main/triatletasenred.sport.es\/wp-json\/wp\/v2\/comments?post=36521"}],"version-history":[{"count":0,"href":"https:\/\/miurltemporal.com/main/triatletasenred.sport.es\/wp-json\/wp\/v2\/posts\/36521\/revisions"}],"wp:featuredmedia":[{"embeddable":true,"href":"https:\/\/miurltemporal.com/main/triatletasenred.sport.es\/wp-json\/wp\/v2\/media\/36522"}],"wp:attachment":[{"href":"https:\/\/miurltemporal.com/main/triatletasenred.sport.es\/wp-json\/wp\/v2\/media?parent=36521"}],"wp:term":[{"taxonomy":"category","embeddable":true,"href":"https:\/\/miurltemporal.com/main/triatletasenred.sport.es\/wp-json\/wp\/v2\/categories?post=36521"},{"taxonomy":"post_tag","embeddable":true,"href":"https:\/\/miurltemporal.com/main/triatletasenred.sport.es\/wp-json\/wp\/v2\/tags?post=36521"}],"curies":[{"name":"wp","href":"https:\/\/api.w.org\/{rel}","templated":true}]}}