{"id":36402,"date":"2015-06-28T03:05:15","date_gmt":"2015-06-28T01:05:15","guid":{"rendered":"http:\/\/triatletasenred.com\/?p=36402"},"modified":"2015-06-28T03:05:15","modified_gmt":"2015-06-28T01:05:15","slug":"roger-serrano-tercero-en-xterra-suiza","status":"publish","type":"post","link":"https:\/\/miurltemporal.com/main/triatletasenred.sport.es\/actualidad\/roger-serrano-tercero-en-xterra-suiza\/","title":{"rendered":"Roger Serrano, tercero en XTERRA Suiza"},"content":{"rendered":"<p style=\"text-align: justify;\">El catal\u00e1n Roger Serrano ha finalizado tercero en el XTERRA Suiza disputado este s\u00e1bado en el pa\u00eds helv\u00e9tico. Serrano, que sigue l\u00edder del ranking europeo XTERRA, ha ocupado el\u00a0\u00faltimo caj\u00f3n del podio tras Arthur Forissier y Cris Koddens, que fue primero en Grecia la semana pasada. Yeray Luxem, cuarto, super\u00f3 a Serrano en el XTERRA Portugal. Este s\u00e1bado, el catal\u00e1n cambi\u00f3 los papeles con una buena carrera a pie y finaliz\u00f3 por delante de Luxem. &#8220;He tenido el primer puesto muy cerca&#8221; explicaba Serrano, que ha sufrido varios percances en carrera. &#8220;Por un lado mal por que me quedo otra vez a poco del primer puesto, pero bien por que he corrido mejor que uno de los mejores corredores de XTERRA&#8221; valoraba Serrano para Triatletas en Red.<\/p>\n","protected":false},"excerpt":{"rendered":"<p>El catalan Roger Serrano ha finalizado tercero en XTERRA Suiza, disputado este s\u00e1bado. El catal\u00e1n sigue sumando podios pero se le resiste la victoria.<\/p>\n","protected":false},"author":12,"featured_media":36408,"comment_status":"open","ping_status":"open","sticky":false,"template":"","format":"standard","meta":{"_acf_changed":false,"rank_math_lock_modified_date":false,"footnotes":""},"categories":[17,19,1191],"tags":[],"class_list":{"0":"post-36402","1":"post","2":"type-post","3":"status-publish","4":"format-standard","5":"has-post-thumbnail","7":"category-actualidad","8":"category-competiciones","9":"category-triatlon"},"acf":[],"_links":{"self":[{"href":"https:\/\/miurltemporal.com/main/triatletasenred.sport.es\/wp-json\/wp\/v2\/posts\/36402"}],"collection":[{"href":"https:\/\/miurltemporal.com/main/triatletasenred.sport.es\/wp-json\/wp\/v2\/posts"}],"about":[{"href":"https:\/\/miurltemporal.com/main/triatletasenred.sport.es\/wp-json\/wp\/v2\/types\/post"}],"author":[{"embeddable":true,"href":"https:\/\/miurltemporal.com/main/triatletasenred.sport.es\/wp-json\/wp\/v2\/users\/12"}],"replies":[{"embeddable":true,"href":"https:\/\/miurltemporal.com/main/triatletasenred.sport.es\/wp-json\/wp\/v2\/comments?post=36402"}],"version-history":[{"count":0,"href":"https:\/\/miurltemporal.com/main/triatletasenred.sport.es\/wp-json\/wp\/v2\/posts\/36402\/revisions"}],"wp:featuredmedia":[{"embeddable":true,"href":"https:\/\/miurltemporal.com/main/triatletasenred.sport.es\/wp-json\/wp\/v2\/media\/36408"}],"wp:attachment":[{"href":"https:\/\/miurltemporal.com/main/triatletasenred.sport.es\/wp-json\/wp\/v2\/media?parent=36402"}],"wp:term":[{"taxonomy":"category","embeddable":true,"href":"https:\/\/miurltemporal.com/main/triatletasenred.sport.es\/wp-json\/wp\/v2\/categories?post=36402"},{"taxonomy":"post_tag","embeddable":true,"href":"https:\/\/miurltemporal.com/main/triatletasenred.sport.es\/wp-json\/wp\/v2\/tags?post=36402"}],"curies":[{"name":"wp","href":"https:\/\/api.w.org\/{rel}","templated":true}]}}