{"id":36384,"date":"2015-06-27T17:57:05","date_gmt":"2015-06-27T15:57:05","guid":{"rendered":"http:\/\/triatletasenred.com\/?p=36384"},"modified":"2015-06-27T17:57:05","modified_gmt":"2015-06-27T15:57:05","slug":"gurutze-frades-cuarta-en-el-campeonato-del-mundo-ld","status":"publish","type":"post","link":"https:\/\/miurltemporal.com/main/triatletasenred.sport.es\/actualidad\/gurutze-frades-cuarta-en-el-campeonato-del-mundo-ld\/","title":{"rendered":"Gurutze Frades, cuarta en el Campeonato del Mundo LD"},"content":{"rendered":"<p style=\"text-align: justify;\">La triatleta vasca Gurutze Frades ha finalizado cuarta este s\u00e1bado en el Campeonato del Mundo de Larga Distancia disputado en la localidad de Motala, en Suecia. La triatleta de BH Bikes sali\u00f3 algo rezagada de la nataci\u00f3n y empez\u00f3 a recuperar posiciones encima de la bicicleta para acabar cruzando la meta a un lugar del podio. La reciente vencedora del BH Triatl\u00f3n de Zarautz llegaba a 24 minutos de la ganadora, la estadounidense Mary Beth Ellis, que cruz\u00f3 la meta con un tiempo de 5:24:25 tras realizar 1,5 kil\u00f3metros a nado (recortados por la organizaci\u00f3n), 120 en bicicleta y 30 de carrera a pie. Completaron el podio la vigente campeona del mundo Camilla Pedersen en segunda posici\u00f3n y tercera fue la finlandesa Kaisa Lehtonen.<\/p>\n<p style=\"text-align: justify;\">Por su parte, en categor\u00eda masculina, el espa\u00f1ol Gustavo Rodr\u00edguez finaliz\u00f3 und\u00e9cimo en una carrera que venci\u00f3 Cyril Viennot con un tiempo de 4:54:33. El franc\u00e9s entr\u00f3 en meta con escaso m\u00e1rgen respecto a los participantes que le precedieron. Martin Jensen y Joe Skipper llegaron segundo y tercero en un margen de apenas un minuto, siendo cuarto Ruedi Wild. El tambi\u00e9n espa\u00f1ol Dani M\u00fajica finaliz\u00f3 la carrera lejos de los cien primeros.<\/p>\n<p style=\"text-align: justify;\">Foto:\u00a0Lanzarote<\/p>\n","protected":false},"excerpt":{"rendered":"<p>La triatleta vasca Gurutze Frades ha finalizado cuarta en el Campeonato del Mundo de Triatl\u00f3n de Larga Distancia, disputado este domingo en Suecia.<\/p>\n","protected":false},"author":12,"featured_media":36386,"comment_status":"open","ping_status":"open","sticky":false,"template":"","format":"standard","meta":{"_acf_changed":false,"rank_math_lock_modified_date":false,"footnotes":""},"categories":[17,19,1191],"tags":[],"class_list":{"0":"post-36384","1":"post","2":"type-post","3":"status-publish","4":"format-standard","5":"has-post-thumbnail","7":"category-actualidad","8":"category-competiciones","9":"category-triatlon"},"acf":[],"_links":{"self":[{"href":"https:\/\/miurltemporal.com/main/triatletasenred.sport.es\/wp-json\/wp\/v2\/posts\/36384"}],"collection":[{"href":"https:\/\/miurltemporal.com/main/triatletasenred.sport.es\/wp-json\/wp\/v2\/posts"}],"about":[{"href":"https:\/\/miurltemporal.com/main/triatletasenred.sport.es\/wp-json\/wp\/v2\/types\/post"}],"author":[{"embeddable":true,"href":"https:\/\/miurltemporal.com/main/triatletasenred.sport.es\/wp-json\/wp\/v2\/users\/12"}],"replies":[{"embeddable":true,"href":"https:\/\/miurltemporal.com/main/triatletasenred.sport.es\/wp-json\/wp\/v2\/comments?post=36384"}],"version-history":[{"count":0,"href":"https:\/\/miurltemporal.com/main/triatletasenred.sport.es\/wp-json\/wp\/v2\/posts\/36384\/revisions"}],"wp:featuredmedia":[{"embeddable":true,"href":"https:\/\/miurltemporal.com/main/triatletasenred.sport.es\/wp-json\/wp\/v2\/media\/36386"}],"wp:attachment":[{"href":"https:\/\/miurltemporal.com/main/triatletasenred.sport.es\/wp-json\/wp\/v2\/media?parent=36384"}],"wp:term":[{"taxonomy":"category","embeddable":true,"href":"https:\/\/miurltemporal.com/main/triatletasenred.sport.es\/wp-json\/wp\/v2\/categories?post=36384"},{"taxonomy":"post_tag","embeddable":true,"href":"https:\/\/miurltemporal.com/main/triatletasenred.sport.es\/wp-json\/wp\/v2\/tags?post=36384"}],"curies":[{"name":"wp","href":"https:\/\/api.w.org\/{rel}","templated":true}]}}