{"id":36328,"date":"2015-06-25T18:16:49","date_gmt":"2015-06-25T16:16:49","guid":{"rendered":"http:\/\/triatletasenred.com\/?p=36328"},"modified":"2015-06-28T01:56:55","modified_gmt":"2015-06-27T23:56:55","slug":"todo-listo-para-el-campeonato-de-espana-de-media-distancia","status":"publish","type":"post","link":"https:\/\/miurltemporal.com/main/triatletasenred.sport.es\/actualidad\/todo-listo-para-el-campeonato-de-espana-de-media-distancia\/","title":{"rendered":"Todo listo para el Campeonato de Espa\u00f1a de Media Distancia"},"content":{"rendered":"<p style=\"text-align: justify;\">La Playa de la Malvarrosa acoge este fin de semana el Campeonato de Espa\u00f1a de Triatl\u00f3n de Media Distancia, que se disputar\u00e1 en el marco del Triatl\u00f3n 113 de Valencia No Drafting Series de A300w. El domingo 28 de junio, cientos de triatletas tomar\u00e1n la salida a las 7am. Tras el sector de nataci\u00f3n, los triatletas afrontar\u00e1n un tramo ciclista que recorrer\u00e1 parte de Sierra Calderona y finalizar\u00e1n con el circuito de carrera a pie por las playas de Valencia y el puerto de la capital del T\u00faria. Los vigentes campeones de la competici\u00f3n, Gustavo Rod\u00b4r\u00edguez y Aida Vali\u00f1o, no tomar\u00e1n la salida. Rodr\u00edguez compite en le Campeonato del Mundo de Larga Distancia que se disputa en Suecia, mientras que Vali\u00f1o sigue recuper\u00e1ndose del atropello que sufri\u00f3 hace unas semanas.<\/p>\n<p style=\"text-align: justify;\">En categor\u00eda masculina destacan los nombres de Ra\u00fal Amatriain, Emilio Aguayo, Xavier Torrades, Ram\u00f3n Ejeda, Fernando Barroso, Joan Ruvireta o Joan Nadal, mientras que en categor\u00eda femenina, la ausencia de Aida Vali\u00f1o y Gurutze Frades deja la prueba m\u00e1s abierta entre triatletas de la talla de Anna Noguera, Dol\u00e7a Oll\u00e8, Ivet Farriols, Nuria Rodr\u00edguez, Sara Loehr, Natalia Ra\u00f1a o Mabel Gallardo, entre otras.<\/p>\n<p style=\"text-align: justify;\">Foto: A300w<\/p>\n","protected":false},"excerpt":{"rendered":"<p>La Playa de la Malvarrosa acoge el Campeonato de Espa\u00f1a de Triatl\u00f3n de Media Distancia, que se disputar\u00e1 en el marco del Triatl\u00f3n 113 de Valencia.<\/p>\n","protected":false},"author":12,"featured_media":36340,"comment_status":"open","ping_status":"open","sticky":false,"template":"","format":"standard","meta":{"_acf_changed":false,"rank_math_lock_modified_date":false,"footnotes":""},"categories":[17,19,1191],"tags":[],"class_list":{"0":"post-36328","1":"post","2":"type-post","3":"status-publish","4":"format-standard","5":"has-post-thumbnail","7":"category-actualidad","8":"category-competiciones","9":"category-triatlon"},"acf":[],"_links":{"self":[{"href":"https:\/\/miurltemporal.com/main/triatletasenred.sport.es\/wp-json\/wp\/v2\/posts\/36328"}],"collection":[{"href":"https:\/\/miurltemporal.com/main/triatletasenred.sport.es\/wp-json\/wp\/v2\/posts"}],"about":[{"href":"https:\/\/miurltemporal.com/main/triatletasenred.sport.es\/wp-json\/wp\/v2\/types\/post"}],"author":[{"embeddable":true,"href":"https:\/\/miurltemporal.com/main/triatletasenred.sport.es\/wp-json\/wp\/v2\/users\/12"}],"replies":[{"embeddable":true,"href":"https:\/\/miurltemporal.com/main/triatletasenred.sport.es\/wp-json\/wp\/v2\/comments?post=36328"}],"version-history":[{"count":0,"href":"https:\/\/miurltemporal.com/main/triatletasenred.sport.es\/wp-json\/wp\/v2\/posts\/36328\/revisions"}],"wp:featuredmedia":[{"embeddable":true,"href":"https:\/\/miurltemporal.com/main/triatletasenred.sport.es\/wp-json\/wp\/v2\/media\/36340"}],"wp:attachment":[{"href":"https:\/\/miurltemporal.com/main/triatletasenred.sport.es\/wp-json\/wp\/v2\/media?parent=36328"}],"wp:term":[{"taxonomy":"category","embeddable":true,"href":"https:\/\/miurltemporal.com/main/triatletasenred.sport.es\/wp-json\/wp\/v2\/categories?post=36328"},{"taxonomy":"post_tag","embeddable":true,"href":"https:\/\/miurltemporal.com/main/triatletasenred.sport.es\/wp-json\/wp\/v2\/tags?post=36328"}],"curies":[{"name":"wp","href":"https:\/\/api.w.org\/{rel}","templated":true}]}}