{"id":36327,"date":"2015-06-25T15:58:54","date_gmt":"2015-06-25T13:58:54","guid":{"rendered":"http:\/\/triatletasenred.com\/?p=36327"},"modified":"2015-06-25T15:58:54","modified_gmt":"2015-06-25T13:58:54","slug":"roger-serrano-en-suiza-para-competir-en-xterra","status":"publish","type":"post","link":"https:\/\/miurltemporal.com/main/triatletasenred.sport.es\/actualidad\/roger-serrano-en-suiza-para-competir-en-xterra\/","title":{"rendered":"Roger Serrano, en Suiza para competir en XTERRA"},"content":{"rendered":"<p style=\"text-align: justify;\">Sin pasar por casa, Roger Serrano ha aterrizado en Suiza para competir este s\u00e1bado en el XTERRA del pa\u00eds helv\u00e9tico. Tras su segunda posici\u00f3n en Grecia, el catal\u00e1n compite en otra prueba puntuable para el Campeonato de Europa XTERRA. La prueba suiza cuenta con un recorrido mucho m\u00e1s llano que Grecia tanto en el sector de ciclismo como en la carrera a pie. &#8220;Es m\u00e1s llana pero sigue siendo una carrera t\u00e9cnica. Rodaremos por campos de pasto, con hierba que resbala y con cambios en el terreno&#8221; explica Serrano para Triatletas en Red. Entre sus principales rivales est\u00e1n el suizo Ian Pyott o el belga Cris Joddens, vigente campe\u00f3n de XTERRA Grecia. La carrera se disputar\u00e1 el s\u00e1bado.<\/p>\n<p style=\"text-align: justify;\">Foto: Akis Magalios<\/p>\n","protected":false},"excerpt":{"rendered":"<p>El catal\u00e1n Roger Serrano ya est\u00e1 en Suiza para competier en XTERRA este fin de semana tras su segunda posici\u00f3n en Grecia.<\/p>\n","protected":false},"author":12,"featured_media":36338,"comment_status":"open","ping_status":"open","sticky":false,"template":"","format":"standard","meta":{"_acf_changed":false,"rank_math_lock_modified_date":false,"footnotes":""},"categories":[17,19,1191],"tags":[],"class_list":{"0":"post-36327","1":"post","2":"type-post","3":"status-publish","4":"format-standard","5":"has-post-thumbnail","7":"category-actualidad","8":"category-competiciones","9":"category-triatlon"},"acf":[],"_links":{"self":[{"href":"https:\/\/miurltemporal.com/main/triatletasenred.sport.es\/wp-json\/wp\/v2\/posts\/36327"}],"collection":[{"href":"https:\/\/miurltemporal.com/main/triatletasenred.sport.es\/wp-json\/wp\/v2\/posts"}],"about":[{"href":"https:\/\/miurltemporal.com/main/triatletasenred.sport.es\/wp-json\/wp\/v2\/types\/post"}],"author":[{"embeddable":true,"href":"https:\/\/miurltemporal.com/main/triatletasenred.sport.es\/wp-json\/wp\/v2\/users\/12"}],"replies":[{"embeddable":true,"href":"https:\/\/miurltemporal.com/main/triatletasenred.sport.es\/wp-json\/wp\/v2\/comments?post=36327"}],"version-history":[{"count":0,"href":"https:\/\/miurltemporal.com/main/triatletasenred.sport.es\/wp-json\/wp\/v2\/posts\/36327\/revisions"}],"wp:featuredmedia":[{"embeddable":true,"href":"https:\/\/miurltemporal.com/main/triatletasenred.sport.es\/wp-json\/wp\/v2\/media\/36338"}],"wp:attachment":[{"href":"https:\/\/miurltemporal.com/main/triatletasenred.sport.es\/wp-json\/wp\/v2\/media?parent=36327"}],"wp:term":[{"taxonomy":"category","embeddable":true,"href":"https:\/\/miurltemporal.com/main/triatletasenred.sport.es\/wp-json\/wp\/v2\/categories?post=36327"},{"taxonomy":"post_tag","embeddable":true,"href":"https:\/\/miurltemporal.com/main/triatletasenred.sport.es\/wp-json\/wp\/v2\/tags?post=36327"}],"curies":[{"name":"wp","href":"https:\/\/api.w.org\/{rel}","templated":true}]}}