{"id":36312,"date":"2015-06-25T10:57:20","date_gmt":"2015-06-25T08:57:20","guid":{"rendered":"http:\/\/triatletasenred.com\/?p=36312"},"modified":"2015-06-25T10:57:20","modified_gmt":"2015-06-25T08:57:20","slug":"victor-del-corral-compite-en-ironman-niza","status":"publish","type":"post","link":"https:\/\/miurltemporal.com/main/triatletasenred.sport.es\/actualidad\/victor-del-corral-compite-en-ironman-niza\/","title":{"rendered":"V\u00edctor del Corral compite en Ironman Niza"},"content":{"rendered":"<p style=\"text-align: justify;\">El catal\u00e1n V\u00edctor del Corral ha confirmado su presencia en el Ironman de Niza, que se disputa este fin de semana en la localidad francesa. Del Corral vuelve al Paseo de los Ingleses, donde el a\u00f1o pasado fue segundo, para tratar de sumar los puntos necesarios para lograr la clasificaci\u00f3n a Haw\u00e1i. &#8220;De las monta\u00f1as de los Pirineos a las monta\u00f1as de los Alpes mar\u00edtimos, <a id=\"js_2\" href=\"https:\/\/www.facebook.com\/Ironman.France\" data-gt=\"{&quot;entity_id&quot;:&quot;126364554047791&quot;,&quot;entity_path&quot;:&quot;\\\/photo.php&quot;}\" data-hovercard=\"\/main/triatletasenred.sport.es/ajax\/hovercard\/page.php?id=126364554047791&amp;extragetparams=%7B%22directed_target_id%22%3A0%7D\" rel=\"nofollow noopener\" target=\"_blank\">IRONMAN FRANCE<\/a> all\u00e1 vamos!&#8221; escrib\u00eda en su p\u00e1gina de Facebook. El catal\u00e1n se ha recuperado de unas molestias en la rodilla y finalmente s\u00ed competir\u00e1 en la prueba francesa, donde el a\u00f1o pasado la carrera estuvo marcada por una fuerte lluvia durante parte de la competici\u00f3n.<\/p>\n<p style=\"text-align: justify;\">De hecho, el triatleta afincado en Lanzarote ha estado este jueves en el &#8216;Morning Run&#8217; organizado por la marca Compressport, uno de sus patrocinadores.<\/p>\n<p style=\"text-align: justify;\"><a href=\"https:\/\/miurltemporal.com/main/triatletasenred.sport.es\/wp-content\/uploads\/Compressport2.jpg\"><img fetchpriority=\"high\" decoding=\"async\" class=\"alignnone size-full wp-image-35097\" src=\"https:\/\/miurltemporal.com/main/triatletasenred.sport.es\/wp-content\/uploads\/Compressport2.jpg\" alt=\"Compressport\" width=\"479\" height=\"105\" srcset=\"https:\/\/miurltemporal.com/main/triatletasenred.sport.es\/wp-content\/uploads\/Compressport2.jpg 479w, https:\/\/miurltemporal.com/main/triatletasenred.sport.es\/wp-content\/uploads\/Compressport2-300x65.jpg 300w\" sizes=\"(max-width: 479px) 100vw, 479px\" \/><\/a><\/p>\n","protected":false},"excerpt":{"rendered":"<p>El catal\u00e1n V\u00edctor del Corral compite este fin de semana en el Ironman Francia, que se disputa en Niza. Del Corral se ha recuperado de las molestias.<\/p>\n","protected":false},"author":12,"featured_media":35017,"comment_status":"open","ping_status":"open","sticky":false,"template":"","format":"standard","meta":{"_acf_changed":false,"rank_math_lock_modified_date":false,"footnotes":""},"categories":[17,19,1191],"tags":[],"class_list":{"0":"post-36312","1":"post","2":"type-post","3":"status-publish","4":"format-standard","5":"has-post-thumbnail","7":"category-actualidad","8":"category-competiciones","9":"category-triatlon"},"acf":[],"_links":{"self":[{"href":"https:\/\/miurltemporal.com/main/triatletasenred.sport.es\/wp-json\/wp\/v2\/posts\/36312"}],"collection":[{"href":"https:\/\/miurltemporal.com/main/triatletasenred.sport.es\/wp-json\/wp\/v2\/posts"}],"about":[{"href":"https:\/\/miurltemporal.com/main/triatletasenred.sport.es\/wp-json\/wp\/v2\/types\/post"}],"author":[{"embeddable":true,"href":"https:\/\/miurltemporal.com/main/triatletasenred.sport.es\/wp-json\/wp\/v2\/users\/12"}],"replies":[{"embeddable":true,"href":"https:\/\/miurltemporal.com/main/triatletasenred.sport.es\/wp-json\/wp\/v2\/comments?post=36312"}],"version-history":[{"count":0,"href":"https:\/\/miurltemporal.com/main/triatletasenred.sport.es\/wp-json\/wp\/v2\/posts\/36312\/revisions"}],"wp:featuredmedia":[{"embeddable":true,"href":"https:\/\/miurltemporal.com/main/triatletasenred.sport.es\/wp-json\/wp\/v2\/media\/35017"}],"wp:attachment":[{"href":"https:\/\/miurltemporal.com/main/triatletasenred.sport.es\/wp-json\/wp\/v2\/media?parent=36312"}],"wp:term":[{"taxonomy":"category","embeddable":true,"href":"https:\/\/miurltemporal.com/main/triatletasenred.sport.es\/wp-json\/wp\/v2\/categories?post=36312"},{"taxonomy":"post_tag","embeddable":true,"href":"https:\/\/miurltemporal.com/main/triatletasenred.sport.es\/wp-json\/wp\/v2\/tags?post=36312"}],"curies":[{"name":"wp","href":"https:\/\/api.w.org\/{rel}","templated":true}]}}