{"id":36311,"date":"2015-06-25T00:41:09","date_gmt":"2015-06-24T22:41:09","guid":{"rendered":"http:\/\/triatletasenred.com\/?p=36311"},"modified":"2015-06-25T00:41:09","modified_gmt":"2015-06-24T22:41:09","slug":"el-campeonato-de-espana-sprint-y-el-acuatlon-en-teledeporte","status":"publish","type":"post","link":"https:\/\/miurltemporal.com/main/triatletasenred.sport.es\/en-red\/el-campeonato-de-espana-sprint-y-el-acuatlon-en-teledeporte\/","title":{"rendered":"El Campeonato de Espa\u00f1a Sprint y el Acuatl\u00f3n, en Teledeporte"},"content":{"rendered":"<p style=\"text-align: justify;\">El canal tem\u00e1tico Teledeporte emite este jueves a las 19:45h un v\u00eddeo-resumen con lo m\u00e1s destacado del Campeonato de Espa\u00f1a Sprint de triatl\u00f3n y el Campeonato de Espa\u00f1a de Acuatl\u00f3n, disputados el pasado fin de semana en Pontevedra. La emisi\u00f3n se produce en el marco de un acuerdo entre la Federaci\u00f3n Espa\u00f1ola de Triatl\u00f3n y Radio Televisi\u00f3n Espa\u00f1ola. Las victorias en el Campeonato de Espa\u00f1a de Triatl\u00f3n Sprint\u00a0fueron para Javi G\u00f3mez Noya y Estefan\u00eda Dom\u00ednguez, mientras que en el Campeonato de Espa\u00f1a de Acuatl\u00f3n se impusieron Javi G\u00f3mez Noya y Paula Garcia Gordino. La cita, este jueves en Teledeporte a las 19:45h.<\/p>\n<p style=\"text-align: justify;\">Foto: FETRI<\/p>\n","protected":false},"excerpt":{"rendered":"<p>Fruto del acuerdo entre RTVE y la FETRI, Teledeporte emite este jueves un reportaje con los momentos m\u00e1s destacados del Campeonato de Espa\u00f1a Sprint.<\/p>\n","protected":false},"author":12,"featured_media":36206,"comment_status":"open","ping_status":"open","sticky":false,"template":"","format":"standard","meta":{"_acf_changed":false,"rank_math_lock_modified_date":false,"footnotes":""},"categories":[17,16,1191],"tags":[],"class_list":{"0":"post-36311","1":"post","2":"type-post","3":"status-publish","4":"format-standard","5":"has-post-thumbnail","7":"category-actualidad","8":"category-en-red","9":"category-triatlon"},"acf":[],"_links":{"self":[{"href":"https:\/\/miurltemporal.com/main/triatletasenred.sport.es\/wp-json\/wp\/v2\/posts\/36311"}],"collection":[{"href":"https:\/\/miurltemporal.com/main/triatletasenred.sport.es\/wp-json\/wp\/v2\/posts"}],"about":[{"href":"https:\/\/miurltemporal.com/main/triatletasenred.sport.es\/wp-json\/wp\/v2\/types\/post"}],"author":[{"embeddable":true,"href":"https:\/\/miurltemporal.com/main/triatletasenred.sport.es\/wp-json\/wp\/v2\/users\/12"}],"replies":[{"embeddable":true,"href":"https:\/\/miurltemporal.com/main/triatletasenred.sport.es\/wp-json\/wp\/v2\/comments?post=36311"}],"version-history":[{"count":0,"href":"https:\/\/miurltemporal.com/main/triatletasenred.sport.es\/wp-json\/wp\/v2\/posts\/36311\/revisions"}],"wp:featuredmedia":[{"embeddable":true,"href":"https:\/\/miurltemporal.com/main/triatletasenred.sport.es\/wp-json\/wp\/v2\/media\/36206"}],"wp:attachment":[{"href":"https:\/\/miurltemporal.com/main/triatletasenred.sport.es\/wp-json\/wp\/v2\/media?parent=36311"}],"wp:term":[{"taxonomy":"category","embeddable":true,"href":"https:\/\/miurltemporal.com/main/triatletasenred.sport.es\/wp-json\/wp\/v2\/categories?post=36311"},{"taxonomy":"post_tag","embeddable":true,"href":"https:\/\/miurltemporal.com/main/triatletasenred.sport.es\/wp-json\/wp\/v2\/tags?post=36311"}],"curies":[{"name":"wp","href":"https:\/\/api.w.org\/{rel}","templated":true}]}}