{"id":36299,"date":"2015-06-24T12:28:17","date_gmt":"2015-06-24T10:28:17","guid":{"rendered":"http:\/\/triatletasenred.com\/?p=36299"},"modified":"2015-06-24T12:36:19","modified_gmt":"2015-06-24T10:36:19","slug":"ivan-rana-ya-esta-en-klagenfurt","status":"publish","type":"post","link":"https:\/\/miurltemporal.com/main/triatletasenred.sport.es\/en-red\/ivan-rana-ya-esta-en-klagenfurt\/","title":{"rendered":"Iv\u00e1n Ra\u00f1a ya est\u00e1 en Klagenfurt"},"content":{"rendered":"<p style=\"text-align: justify;\">El triatleta gallego ya se ha instalado en la localidad austr\u00edaca, que el domingo acoger\u00e1 el Ironman Austria. Ra\u00f1a es el vigente campe\u00f3n de la competici\u00f3n y llega tras el sexto puesto logrado en Mallorca hace poco m\u00e1s de un mes. En un v\u00eddeo colgado en su cuenta de Instagram, Iv\u00e1n Ra\u00f1a ha mostrado a qui\u00e9n le acompa\u00f1a en este viaje. Ser\u00e1 su segunda prueba de larga distancia este 2015 tras acabar segundo en el Ironman Sud\u00e1frica del mes de marzo, donde solo le super\u00f3 el belga Frederik Van Lierde.<\/p>\n<p style=\"text-align: justify;\">El espa\u00f1ol busca revalidar el triunfo conseguido en 2014 y asegurar su clasificaci\u00f3n para Kona cuanto antes. &#8220;Ya en Austria tras una nataci\u00f3n matutina&#8221; explicaba Ra\u00f1a en su cuenta de Instagram. El mallorqu\u00edn Miguel Angel Fidalgo tambi\u00e9n competir\u00e1 en Austria.<\/p>\n<p style=\"text-align: justify;\">Foto: Ironman<\/p>\n","protected":false},"excerpt":{"rendered":"<p>El triatleta gallego Iv\u00e1n Ra\u00f1a ya ha aterrizado en Austria para disputar el Ironman de Klagenfurt este domingo.<\/p>\n","protected":false},"author":12,"featured_media":31282,"comment_status":"open","ping_status":"open","sticky":false,"template":"","format":"standard","meta":{"_acf_changed":false,"rank_math_lock_modified_date":false,"footnotes":""},"categories":[17,19,16,2033,1191],"tags":[],"class_list":{"0":"post-36299","1":"post","2":"type-post","3":"status-publish","4":"format-standard","5":"has-post-thumbnail","7":"category-actualidad","8":"category-competiciones","9":"category-en-red","10":"category-sport","11":"category-triatlon"},"acf":[],"_links":{"self":[{"href":"https:\/\/miurltemporal.com/main/triatletasenred.sport.es\/wp-json\/wp\/v2\/posts\/36299"}],"collection":[{"href":"https:\/\/miurltemporal.com/main/triatletasenred.sport.es\/wp-json\/wp\/v2\/posts"}],"about":[{"href":"https:\/\/miurltemporal.com/main/triatletasenred.sport.es\/wp-json\/wp\/v2\/types\/post"}],"author":[{"embeddable":true,"href":"https:\/\/miurltemporal.com/main/triatletasenred.sport.es\/wp-json\/wp\/v2\/users\/12"}],"replies":[{"embeddable":true,"href":"https:\/\/miurltemporal.com/main/triatletasenred.sport.es\/wp-json\/wp\/v2\/comments?post=36299"}],"version-history":[{"count":0,"href":"https:\/\/miurltemporal.com/main/triatletasenred.sport.es\/wp-json\/wp\/v2\/posts\/36299\/revisions"}],"wp:featuredmedia":[{"embeddable":true,"href":"https:\/\/miurltemporal.com/main/triatletasenred.sport.es\/wp-json\/wp\/v2\/media\/31282"}],"wp:attachment":[{"href":"https:\/\/miurltemporal.com/main/triatletasenred.sport.es\/wp-json\/wp\/v2\/media?parent=36299"}],"wp:term":[{"taxonomy":"category","embeddable":true,"href":"https:\/\/miurltemporal.com/main/triatletasenred.sport.es\/wp-json\/wp\/v2\/categories?post=36299"},{"taxonomy":"post_tag","embeddable":true,"href":"https:\/\/miurltemporal.com/main/triatletasenred.sport.es\/wp-json\/wp\/v2\/tags?post=36299"}],"curies":[{"name":"wp","href":"https:\/\/api.w.org\/{rel}","templated":true}]}}